{"id":8230,"date":"2023-11-05T15:15:19","date_gmt":"2023-11-05T14:15:19","guid":{"rendered":"https:\/\/www.lacgtmontreuil.fr\/?p=8230"},"modified":"2023-11-05T15:15:20","modified_gmt":"2023-11-05T14:15:20","slug":"je-tu-ul-n452-tache-dhuile","status":"publish","type":"post","link":"https:\/\/www.lacgtmontreuil.fr\/?p=8230","title":{"rendered":"Je, Tu, UL n\u00b0452 &#8211; TACHE D\u2019HUILE"},"content":{"rendered":"\n<p>22-24, rue de Lagny \u2013 A l\u2019URSSAF \u00cele-de-France, le mouvement des inspecteurs contre le monitorat contraint (cf. \u00ab Je, Tu, UL \u00bb n\u00b0451) s\u2019\u00e9tend \u00e0 de nouvelles cat\u00e9gories : les contr\u00f4leurs refusent d\u00e9sormais eux aussi le d\u00e9ni du volontariat par la direction. Alors que la CGT propose l\u2019ouverture d\u2019une n\u00e9gociation sur le sujet, la direction de l\u2019URSSAF renvoie la question vers l\u2019UCANSS\u2026 comme lorsqu\u2019il s\u2019agit d\u2019appliquer la jurisprudence sur les cong\u00e9s pay\u00e9s que doit continuer d\u2019acqu\u00e9rir le salari\u00e9 pendant ses arr\u00eats de maladie.<\/p>\n","protected":false},"excerpt":{"rendered":"<p>22-24, rue de Lagny \u2013 A l\u2019URSSAF \u00cele-de-France, le mouvement des inspecteurs contre le monitorat contraint (cf. \u00ab Je, Tu, UL \u00bb n\u00b0451) s\u2019\u00e9tend \u00e0 de nouvelles cat\u00e9gories : les contr\u00f4leurs refusent d\u00e9sormais eux aussi le d\u00e9ni du volontariat par la direction. Alors que la CGT propose l\u2019ouverture d\u2019une n\u00e9gociation sur le sujet, la direction &hellip; <\/p>\n","protected":false},"author":19,"featured_media":0,"comment_status":"closed","ping_status":"open","sticky":false,"template":"","format":"standard","meta":{"footnotes":""},"categories":[2],"tags":[],"class_list":{"0":"entry","1":"post","2":"publish","3":"author-sebastien","4":"post-8230","6":"format-standard","7":"category-je-tu-ul"},"_links":{"self":[{"href":"https:\/\/www.lacgtmontreuil.fr\/index.php?rest_route=\/wp\/v2\/posts\/8230","targetHints":{"allow":["GET"]}}],"collection":[{"href":"https:\/\/www.lacgtmontreuil.fr\/index.php?rest_route=\/wp\/v2\/posts"}],"about":[{"href":"https:\/\/www.lacgtmontreuil.fr\/index.php?rest_route=\/wp\/v2\/types\/post"}],"author":[{"embeddable":true,"href":"https:\/\/www.lacgtmontreuil.fr\/index.php?rest_route=\/wp\/v2\/users\/19"}],"replies":[{"embeddable":true,"href":"https:\/\/www.lacgtmontreuil.fr\/index.php?rest_route=%2Fwp%2Fv2%2Fcomments&post=8230"}],"version-history":[{"count":2,"href":"https:\/\/www.lacgtmontreuil.fr\/index.php?rest_route=\/wp\/v2\/posts\/8230\/revisions"}],"predecessor-version":[{"id":8239,"href":"https:\/\/www.lacgtmontreuil.fr\/index.php?rest_route=\/wp\/v2\/posts\/8230\/revisions\/8239"}],"wp:attachment":[{"href":"https:\/\/www.lacgtmontreuil.fr\/index.php?rest_route=%2Fwp%2Fv2%2Fmedia&parent=8230"}],"wp:term":[{"taxonomy":"category","embeddable":true,"href":"https:\/\/www.lacgtmontreuil.fr\/index.php?rest_route=%2Fwp%2Fv2%2Fcategories&post=8230"},{"taxonomy":"post_tag","embeddable":true,"href":"https:\/\/www.lacgtmontreuil.fr\/index.php?rest_route=%2Fwp%2Fv2%2Ftags&post=8230"}],"curies":[{"name":"wp","href":"https:\/\/api.w.org\/{rel}","templated":true}]}}