{"id":8224,"date":"2023-11-05T15:15:45","date_gmt":"2023-11-05T14:15:45","guid":{"rendered":"https:\/\/www.lacgtmontreuil.fr\/?p=8224"},"modified":"2023-11-05T15:15:46","modified_gmt":"2023-11-05T14:15:46","slug":"je-tu-ul-n452-france-sto","status":"publish","type":"post","link":"https:\/\/www.lacgtmontreuil.fr\/?p=8224","title":{"rendered":"Je, Tu, UL n\u00b0452 &#8211; FRANCE-STO"},"content":{"rendered":"\n<p>7, rue des Longs Quartiers \u2013 A POLE-EMPLOI, le personnel suit avec inqui\u00e9tude le durcissement cette semaine en Commission Mixte du projet de loi \u00ab Plein Emploi \u00bb, cens\u00e9 accoucher de FRANCE-TRAVAIL (\u00e0 moins qu\u2019il ne faille l\u2019orthographier France-Travaille !) qui conjuguera l\u2019abandon des contr\u00f4les des offres d\u2019emploi ill\u00e9gales (80% \u00e0 Montreuil, selon l\u2019\u00e9tude des Ch\u00f4meurs CGT) avec l\u2019accompagnement forc\u00e9 des priv\u00e9s d\u2019emploi vers 15 heures d\u2019activit\u00e9 par semaine et le renforcement des sanctions. Un projet de loi qui, bien s\u00fbr, fait la part belle au priv\u00e9 pour d\u00e9tricoter un peu plus le service public de l\u2019emploi.<\/p>\n","protected":false},"excerpt":{"rendered":"<p>7, rue des Longs Quartiers \u2013 A POLE-EMPLOI, le personnel suit avec inqui\u00e9tude le durcissement cette semaine en Commission Mixte du projet de loi \u00ab Plein Emploi \u00bb, cens\u00e9 accoucher de FRANCE-TRAVAIL (\u00e0 moins qu\u2019il ne faille l\u2019orthographier France-Travaille !) qui conjuguera l\u2019abandon des contr\u00f4les des offres d\u2019emploi ill\u00e9gales (80% \u00e0 Montreuil, selon l\u2019\u00e9tude des &hellip; <\/p>\n","protected":false},"author":19,"featured_media":0,"comment_status":"closed","ping_status":"open","sticky":false,"template":"","format":"standard","meta":{"footnotes":""},"categories":[2],"tags":[],"class_list":{"0":"entry","1":"post","2":"publish","3":"author-sebastien","4":"post-8224","6":"format-standard","7":"category-je-tu-ul"},"_links":{"self":[{"href":"https:\/\/www.lacgtmontreuil.fr\/index.php?rest_route=\/wp\/v2\/posts\/8224","targetHints":{"allow":["GET"]}}],"collection":[{"href":"https:\/\/www.lacgtmontreuil.fr\/index.php?rest_route=\/wp\/v2\/posts"}],"about":[{"href":"https:\/\/www.lacgtmontreuil.fr\/index.php?rest_route=\/wp\/v2\/types\/post"}],"author":[{"embeddable":true,"href":"https:\/\/www.lacgtmontreuil.fr\/index.php?rest_route=\/wp\/v2\/users\/19"}],"replies":[{"embeddable":true,"href":"https:\/\/www.lacgtmontreuil.fr\/index.php?rest_route=%2Fwp%2Fv2%2Fcomments&post=8224"}],"version-history":[{"count":2,"href":"https:\/\/www.lacgtmontreuil.fr\/index.php?rest_route=\/wp\/v2\/posts\/8224\/revisions"}],"predecessor-version":[{"id":8245,"href":"https:\/\/www.lacgtmontreuil.fr\/index.php?rest_route=\/wp\/v2\/posts\/8224\/revisions\/8245"}],"wp:attachment":[{"href":"https:\/\/www.lacgtmontreuil.fr\/index.php?rest_route=%2Fwp%2Fv2%2Fmedia&parent=8224"}],"wp:term":[{"taxonomy":"category","embeddable":true,"href":"https:\/\/www.lacgtmontreuil.fr\/index.php?rest_route=%2Fwp%2Fv2%2Fcategories&post=8224"},{"taxonomy":"post_tag","embeddable":true,"href":"https:\/\/www.lacgtmontreuil.fr\/index.php?rest_route=%2Fwp%2Fv2%2Ftags&post=8224"}],"curies":[{"name":"wp","href":"https:\/\/api.w.org\/{rel}","templated":true}]}}