{"id":8218,"date":"2023-11-05T15:16:10","date_gmt":"2023-11-05T14:16:10","guid":{"rendered":"https:\/\/www.lacgtmontreuil.fr\/?p=8218"},"modified":"2023-11-05T15:16:10","modified_gmt":"2023-11-05T14:16:10","slug":"je-tu-ul-n452-la-douane-fete-les-j-o","status":"publish","type":"post","link":"https:\/\/www.lacgtmontreuil.fr\/?p=8218","title":{"rendered":"Je, Tu, UL n\u00b0452 &#8211; LA DOUANE F\u00caTE LES J.O"},"content":{"rendered":"\n<p>12, rue des Deux Communes \u2013 A la DOUANE, le SNAD CGT r\u00e9sume les annonces de la direction pour les Jeux Olympiques et Paralympiques en 4 \u00ab pas \u00bb. Pas de cong\u00e9, pas d\u2019aide \u00e0 la parentalit\u00e9, pas de logement et pas de prime ! Avec une attaque suppl\u00e9mentaire contre les missions sp\u00e9cialis\u00e9es que sont la lutte contre les contrefa\u00e7ons et les produits dopants\u2026 au profit d\u2019un d\u00e9tournement vers des t\u00e2ches de maintien de l\u2019ordre, pour lesquels les douanier-e-s n\u2019ont ni vocation, ni formation.<\/p>\n","protected":false},"excerpt":{"rendered":"<p>12, rue des Deux Communes \u2013 A la DOUANE, le SNAD CGT r\u00e9sume les annonces de la direction pour les Jeux Olympiques et Paralympiques en 4 \u00ab pas \u00bb. Pas de cong\u00e9, pas d\u2019aide \u00e0 la parentalit\u00e9, pas de logement et pas de prime ! Avec une attaque suppl\u00e9mentaire contre les missions sp\u00e9cialis\u00e9es que sont &hellip; <\/p>\n","protected":false},"author":19,"featured_media":0,"comment_status":"closed","ping_status":"open","sticky":false,"template":"","format":"standard","meta":{"footnotes":""},"categories":[2],"tags":[],"class_list":{"0":"entry","1":"post","2":"publish","3":"author-sebastien","4":"post-8218","6":"format-standard","7":"category-je-tu-ul"},"_links":{"self":[{"href":"https:\/\/www.lacgtmontreuil.fr\/index.php?rest_route=\/wp\/v2\/posts\/8218","targetHints":{"allow":["GET"]}}],"collection":[{"href":"https:\/\/www.lacgtmontreuil.fr\/index.php?rest_route=\/wp\/v2\/posts"}],"about":[{"href":"https:\/\/www.lacgtmontreuil.fr\/index.php?rest_route=\/wp\/v2\/types\/post"}],"author":[{"embeddable":true,"href":"https:\/\/www.lacgtmontreuil.fr\/index.php?rest_route=\/wp\/v2\/users\/19"}],"replies":[{"embeddable":true,"href":"https:\/\/www.lacgtmontreuil.fr\/index.php?rest_route=%2Fwp%2Fv2%2Fcomments&post=8218"}],"version-history":[{"count":2,"href":"https:\/\/www.lacgtmontreuil.fr\/index.php?rest_route=\/wp\/v2\/posts\/8218\/revisions"}],"predecessor-version":[{"id":8248,"href":"https:\/\/www.lacgtmontreuil.fr\/index.php?rest_route=\/wp\/v2\/posts\/8218\/revisions\/8248"}],"wp:attachment":[{"href":"https:\/\/www.lacgtmontreuil.fr\/index.php?rest_route=%2Fwp%2Fv2%2Fmedia&parent=8218"}],"wp:term":[{"taxonomy":"category","embeddable":true,"href":"https:\/\/www.lacgtmontreuil.fr\/index.php?rest_route=%2Fwp%2Fv2%2Fcategories&post=8218"},{"taxonomy":"post_tag","embeddable":true,"href":"https:\/\/www.lacgtmontreuil.fr\/index.php?rest_route=%2Fwp%2Fv2%2Ftags&post=8218"}],"curies":[{"name":"wp","href":"https:\/\/api.w.org\/{rel}","templated":true}]}}