{"id":8199,"date":"2023-11-05T15:16:17","date_gmt":"2023-11-05T14:16:17","guid":{"rendered":"https:\/\/www.lacgtmontreuil.fr\/?p=8199"},"modified":"2023-11-05T15:16:17","modified_gmt":"2023-11-05T14:16:17","slug":"je-tu-ul-n452-maintenir-la-maintenance","status":"publish","type":"post","link":"https:\/\/www.lacgtmontreuil.fr\/?p=8199","title":{"rendered":"Je, Tu, UL n\u00b0452 &#8211; MAINTENIR LA MAINTENANCE"},"content":{"rendered":"\n<p>105, boulevard Chanzy \u2013 Aux ATELIERS RATP, la CGT d\u00e9nonce les effets de conditions de travail de plus en plus dures : difficult\u00e9s \u00e0 recruter pour un travail de nuit, suppression des compensations historiques (retraite, bonifications), pr\u00e9carit\u00e9 avec le recours permanent aux CDD et \u00e0 l\u2019int\u00e9rim. Avec pour cons\u00e9quence imm\u00e9diate \u00ab la pagaille sur la ligne 9 du m\u00e9tro \u00bb, comme l\u2019illustre la panne du jeudi 2 novembre de 7h30 \u00e0 10h00 entre Mairie de Montreuil et Nation, accompagn\u00e9e de ce communiqu\u00e9 de la RATP sur X : \u00ab le trafic est \u00e0 nouveau interrompu\u2026 \u00bb A nouveau ou encore ?<\/p>\n","protected":false},"excerpt":{"rendered":"<p>105, boulevard Chanzy \u2013 Aux ATELIERS RATP, la CGT d\u00e9nonce les effets de conditions de travail de plus en plus dures : difficult\u00e9s \u00e0 recruter pour un travail de nuit, suppression des compensations historiques (retraite, bonifications), pr\u00e9carit\u00e9 avec le recours permanent aux CDD et \u00e0 l\u2019int\u00e9rim. Avec pour cons\u00e9quence imm\u00e9diate \u00ab la pagaille sur la &hellip; <\/p>\n","protected":false},"author":19,"featured_media":0,"comment_status":"closed","ping_status":"open","sticky":false,"template":"","format":"standard","meta":{"footnotes":""},"categories":[2],"tags":[],"class_list":{"0":"entry","1":"post","2":"publish","3":"author-sebastien","4":"post-8199","6":"format-standard","7":"category-je-tu-ul"},"_links":{"self":[{"href":"https:\/\/www.lacgtmontreuil.fr\/index.php?rest_route=\/wp\/v2\/posts\/8199","targetHints":{"allow":["GET"]}}],"collection":[{"href":"https:\/\/www.lacgtmontreuil.fr\/index.php?rest_route=\/wp\/v2\/posts"}],"about":[{"href":"https:\/\/www.lacgtmontreuil.fr\/index.php?rest_route=\/wp\/v2\/types\/post"}],"author":[{"embeddable":true,"href":"https:\/\/www.lacgtmontreuil.fr\/index.php?rest_route=\/wp\/v2\/users\/19"}],"replies":[{"embeddable":true,"href":"https:\/\/www.lacgtmontreuil.fr\/index.php?rest_route=%2Fwp%2Fv2%2Fcomments&post=8199"}],"version-history":[{"count":2,"href":"https:\/\/www.lacgtmontreuil.fr\/index.php?rest_route=\/wp\/v2\/posts\/8199\/revisions"}],"predecessor-version":[{"id":8251,"href":"https:\/\/www.lacgtmontreuil.fr\/index.php?rest_route=\/wp\/v2\/posts\/8199\/revisions\/8251"}],"wp:attachment":[{"href":"https:\/\/www.lacgtmontreuil.fr\/index.php?rest_route=%2Fwp%2Fv2%2Fmedia&parent=8199"}],"wp:term":[{"taxonomy":"category","embeddable":true,"href":"https:\/\/www.lacgtmontreuil.fr\/index.php?rest_route=%2Fwp%2Fv2%2Fcategories&post=8199"},{"taxonomy":"post_tag","embeddable":true,"href":"https:\/\/www.lacgtmontreuil.fr\/index.php?rest_route=%2Fwp%2Fv2%2Ftags&post=8199"}],"curies":[{"name":"wp","href":"https:\/\/api.w.org\/{rel}","templated":true}]}}