{"id":8181,"date":"2023-10-31T15:16:17","date_gmt":"2023-10-31T14:16:17","guid":{"rendered":"https:\/\/www.lacgtmontreuil.fr\/?p=8181"},"modified":"2023-10-31T15:16:18","modified_gmt":"2023-10-31T14:16:18","slug":"je-tu-ul-n-451-la-cgt-fait-le-plein","status":"publish","type":"post","link":"https:\/\/www.lacgtmontreuil.fr\/?p=8181","title":{"rendered":"Je, Tu, UL n\u00b0 451 &#8211; LA CGT FAIT LE PLEIN"},"content":{"rendered":"\n<p>94, rue des Sorins \u2013 Au MEDIA-TV, le nouveau CSE comptera 3 nouveaux \u00e9lus sur 4, tous CGT. Avec 100% des voix, les listes CGT recueillent 71% de participation dans le coll\u00e8ge des journalistes et 78% dans celui de la production audiovisuelle. Et la rotation des mandats se poursuit avec la \u00ab succession \u00bb de notre camarade R\u00e9mi-Kenzo PAG\u00c8S par Elo\u00efse NGUYEN-VAN BAJOU en qualit\u00e9 de d\u00e9l\u00e9gu\u00e9e syndicale CGT.<\/p>\n","protected":false},"excerpt":{"rendered":"<p>94, rue des Sorins \u2013 Au MEDIA-TV, le nouveau CSE comptera 3 nouveaux \u00e9lus sur 4, tous CGT. Avec 100% des voix, les listes CGT recueillent 71% de participation dans le coll\u00e8ge des journalistes et 78% dans celui de la production audiovisuelle. Et la rotation des mandats se poursuit avec la \u00ab succession \u00bb de &hellip; <\/p>\n","protected":false},"author":19,"featured_media":0,"comment_status":"closed","ping_status":"open","sticky":false,"template":"","format":"standard","meta":{"footnotes":""},"categories":[2],"tags":[],"class_list":{"0":"entry","1":"post","2":"publish","3":"author-sebastien","4":"post-8181","6":"format-standard","7":"category-je-tu-ul"},"_links":{"self":[{"href":"https:\/\/www.lacgtmontreuil.fr\/index.php?rest_route=\/wp\/v2\/posts\/8181","targetHints":{"allow":["GET"]}}],"collection":[{"href":"https:\/\/www.lacgtmontreuil.fr\/index.php?rest_route=\/wp\/v2\/posts"}],"about":[{"href":"https:\/\/www.lacgtmontreuil.fr\/index.php?rest_route=\/wp\/v2\/types\/post"}],"author":[{"embeddable":true,"href":"https:\/\/www.lacgtmontreuil.fr\/index.php?rest_route=\/wp\/v2\/users\/19"}],"replies":[{"embeddable":true,"href":"https:\/\/www.lacgtmontreuil.fr\/index.php?rest_route=%2Fwp%2Fv2%2Fcomments&post=8181"}],"version-history":[{"count":2,"href":"https:\/\/www.lacgtmontreuil.fr\/index.php?rest_route=\/wp\/v2\/posts\/8181\/revisions"}],"predecessor-version":[{"id":8205,"href":"https:\/\/www.lacgtmontreuil.fr\/index.php?rest_route=\/wp\/v2\/posts\/8181\/revisions\/8205"}],"wp:attachment":[{"href":"https:\/\/www.lacgtmontreuil.fr\/index.php?rest_route=%2Fwp%2Fv2%2Fmedia&parent=8181"}],"wp:term":[{"taxonomy":"category","embeddable":true,"href":"https:\/\/www.lacgtmontreuil.fr\/index.php?rest_route=%2Fwp%2Fv2%2Fcategories&post=8181"},{"taxonomy":"post_tag","embeddable":true,"href":"https:\/\/www.lacgtmontreuil.fr\/index.php?rest_route=%2Fwp%2Fv2%2Ftags&post=8181"}],"curies":[{"name":"wp","href":"https:\/\/api.w.org\/{rel}","templated":true}]}}