{"id":8160,"date":"2023-10-14T16:07:46","date_gmt":"2023-10-14T14:07:46","guid":{"rendered":"https:\/\/www.lacgtmontreuil.fr\/?p=8160"},"modified":"2023-10-14T16:07:47","modified_gmt":"2023-10-14T14:07:47","slug":"je-tu-ul-n450","status":"publish","type":"post","link":"https:\/\/www.lacgtmontreuil.fr\/?p=8160","title":{"rendered":"Je, Tu, UL n\u00b0450"},"content":{"rendered":"\n<p>Avec le 450\u00e8me num\u00e9ro de \u00ab\u00a0Je, Tu, UL\u00a0\u00bb, nos reporters sont toujours au c\u0153ur des entreprises de Montreuil et proposent un calendrier pour r\u00e9fl\u00e9chir ou s&rsquo;\u00e9vader:&nbsp;<br><strong>&#8211; Jeudi 19 octobre :&nbsp;<\/strong>Rendez-vous autour de la d\u00e9fense de l&rsquo;h\u00f4pital Andr\u00e9 Gr\u00e9goire. D\u00e9bat \u00e0 19h00 au&nbsp;100 rue Hoche \u00e0 Montreuil (anciens locaux de la CPAM !).<br><strong>&#8211; Mercredi 8 novembre:&nbsp;<\/strong>Au Cin\u00e9ma M\u00e9li\u00e8s, projection du film \u00ab\u00a0Par la fen\u00eatre ou par la porte\u00a0\u00bb sur le proc\u00e8s de France T\u00e9l\u00e9com pour harc\u00e8lement moral institutionnel. Avec la pr\u00e9sence de syndicalistes CGT et SUD pour animer le d\u00e9bat apr\u00e8s la projection.<br><strong>&#8211; Mardi 28 novembre:&nbsp;<\/strong>Demi-journ\u00e9e d&rsquo;\u00e9tude organis\u00e9e par l&rsquo;UD-CGT 93 sur le b\u00e9n\u00e9volat et ses d\u00e9rives, \u00e0 l&rsquo;approche des \u00ab\u00a0JO\u00a0\u00bb.<\/p>\n","protected":false},"excerpt":{"rendered":"<p>Avec le 450\u00e8me num\u00e9ro de \u00ab\u00a0Je, Tu, UL\u00a0\u00bb, nos reporters sont toujours au c\u0153ur des entreprises de Montreuil et proposent un calendrier pour r\u00e9fl\u00e9chir ou s&rsquo;\u00e9vader:&nbsp;&#8211; Jeudi 19 octobre :&nbsp;Rendez-vous autour de la d\u00e9fense de l&rsquo;h\u00f4pital Andr\u00e9 Gr\u00e9goire. D\u00e9bat \u00e0 19h00 au&nbsp;100 rue Hoche \u00e0 Montreuil (anciens locaux de la CPAM !).&#8211; Mercredi 8 novembre:&nbsp;Au &hellip; <\/p>\n","protected":false},"author":19,"featured_media":0,"comment_status":"closed","ping_status":"open","sticky":false,"template":"","format":"standard","meta":{"footnotes":""},"categories":[2],"tags":[],"class_list":{"0":"entry","1":"post","2":"publish","3":"author-sebastien","4":"post-8160","6":"format-standard","7":"category-je-tu-ul"},"_links":{"self":[{"href":"https:\/\/www.lacgtmontreuil.fr\/index.php?rest_route=\/wp\/v2\/posts\/8160","targetHints":{"allow":["GET"]}}],"collection":[{"href":"https:\/\/www.lacgtmontreuil.fr\/index.php?rest_route=\/wp\/v2\/posts"}],"about":[{"href":"https:\/\/www.lacgtmontreuil.fr\/index.php?rest_route=\/wp\/v2\/types\/post"}],"author":[{"embeddable":true,"href":"https:\/\/www.lacgtmontreuil.fr\/index.php?rest_route=\/wp\/v2\/users\/19"}],"replies":[{"embeddable":true,"href":"https:\/\/www.lacgtmontreuil.fr\/index.php?rest_route=%2Fwp%2Fv2%2Fcomments&post=8160"}],"version-history":[{"count":1,"href":"https:\/\/www.lacgtmontreuil.fr\/index.php?rest_route=\/wp\/v2\/posts\/8160\/revisions"}],"predecessor-version":[{"id":8163,"href":"https:\/\/www.lacgtmontreuil.fr\/index.php?rest_route=\/wp\/v2\/posts\/8160\/revisions\/8163"}],"wp:attachment":[{"href":"https:\/\/www.lacgtmontreuil.fr\/index.php?rest_route=%2Fwp%2Fv2%2Fmedia&parent=8160"}],"wp:term":[{"taxonomy":"category","embeddable":true,"href":"https:\/\/www.lacgtmontreuil.fr\/index.php?rest_route=%2Fwp%2Fv2%2Fcategories&post=8160"},{"taxonomy":"post_tag","embeddable":true,"href":"https:\/\/www.lacgtmontreuil.fr\/index.php?rest_route=%2Fwp%2Fv2%2Ftags&post=8160"}],"curies":[{"name":"wp","href":"https:\/\/api.w.org\/{rel}","templated":true}]}}