{"id":8126,"date":"2023-10-07T16:04:48","date_gmt":"2023-10-07T14:04:48","guid":{"rendered":"https:\/\/www.lacgtmontreuil.fr\/?p=8126"},"modified":"2023-10-07T16:04:48","modified_gmt":"2023-10-07T14:04:48","slug":"je-tu-ul-n449-ensemble-pour-negocier","status":"publish","type":"post","link":"https:\/\/www.lacgtmontreuil.fr\/?p=8126","title":{"rendered":"Je, Tu, UL n\u00b0449 &#8211; ENSEMBLE POUR N\u00c9GOCIER"},"content":{"rendered":"\n<p>17, rue Moli\u00e8re \u2013 EST ENSEMBLE HABITAT proposait aux organisations syndicales un projet d\u2019accord sur les astreintes. Apr\u00e8s consultation des int\u00e9ress\u00e9s r\u00e9unis en AG, c\u2019est l\u2019ensemble des 3 syndicats CGT, SUD et CFDT qui ont refus\u00e9 l\u2019accord et r\u00e9clament la r\u00e9ouverture des n\u00e9gociations.<\/p>\n","protected":false},"excerpt":{"rendered":"<p>17, rue Moli\u00e8re \u2013 EST ENSEMBLE HABITAT proposait aux organisations syndicales un projet d\u2019accord sur les astreintes. Apr\u00e8s consultation des int\u00e9ress\u00e9s r\u00e9unis en AG, c\u2019est l\u2019ensemble des 3 syndicats CGT, SUD et CFDT qui ont refus\u00e9 l\u2019accord et r\u00e9clament la r\u00e9ouverture des n\u00e9gociations.<\/p>\n","protected":false},"author":19,"featured_media":0,"comment_status":"closed","ping_status":"open","sticky":false,"template":"","format":"standard","meta":{"footnotes":""},"categories":[2],"tags":[],"class_list":{"0":"entry","1":"post","2":"publish","3":"author-sebastien","4":"post-8126","6":"format-standard","7":"category-je-tu-ul"},"_links":{"self":[{"href":"https:\/\/www.lacgtmontreuil.fr\/index.php?rest_route=\/wp\/v2\/posts\/8126","targetHints":{"allow":["GET"]}}],"collection":[{"href":"https:\/\/www.lacgtmontreuil.fr\/index.php?rest_route=\/wp\/v2\/posts"}],"about":[{"href":"https:\/\/www.lacgtmontreuil.fr\/index.php?rest_route=\/wp\/v2\/types\/post"}],"author":[{"embeddable":true,"href":"https:\/\/www.lacgtmontreuil.fr\/index.php?rest_route=\/wp\/v2\/users\/19"}],"replies":[{"embeddable":true,"href":"https:\/\/www.lacgtmontreuil.fr\/index.php?rest_route=%2Fwp%2Fv2%2Fcomments&post=8126"}],"version-history":[{"count":2,"href":"https:\/\/www.lacgtmontreuil.fr\/index.php?rest_route=\/wp\/v2\/posts\/8126\/revisions"}],"predecessor-version":[{"id":8153,"href":"https:\/\/www.lacgtmontreuil.fr\/index.php?rest_route=\/wp\/v2\/posts\/8126\/revisions\/8153"}],"wp:attachment":[{"href":"https:\/\/www.lacgtmontreuil.fr\/index.php?rest_route=%2Fwp%2Fv2%2Fmedia&parent=8126"}],"wp:term":[{"taxonomy":"category","embeddable":true,"href":"https:\/\/www.lacgtmontreuil.fr\/index.php?rest_route=%2Fwp%2Fv2%2Fcategories&post=8126"},{"taxonomy":"post_tag","embeddable":true,"href":"https:\/\/www.lacgtmontreuil.fr\/index.php?rest_route=%2Fwp%2Fv2%2Ftags&post=8126"}],"curies":[{"name":"wp","href":"https:\/\/api.w.org\/{rel}","templated":true}]}}