{"id":8120,"date":"2023-10-07T16:04:36","date_gmt":"2023-10-07T14:04:36","guid":{"rendered":"https:\/\/www.lacgtmontreuil.fr\/?p=8120"},"modified":"2023-10-07T16:04:36","modified_gmt":"2023-10-07T14:04:36","slug":"je-tu-ul-n-449-active-france-active","status":"publish","type":"post","link":"https:\/\/www.lacgtmontreuil.fr\/?p=8120","title":{"rendered":"Je, Tu, UL n\u00b0 449 &#8211; ACTIVE FRANCE ACTIVE"},"content":{"rendered":"\n<p>3, rue Franklin \u2013 Chez FRANCE ACTIVE, la CGT majoritaire a horreur du vide. Le cong\u00e9 parental de notre camarade Ruth MANLEY a logiquement conduit la section syndicale \u00e0 pr\u00e9voir son remplacement. C\u2019est d\u00e9sormais notre camarade Eva EKLU qui reprend le mandat de d\u00e9l\u00e9gu\u00e9e syndicale pour cette banque associative.<\/p>\n","protected":false},"excerpt":{"rendered":"<p>3, rue Franklin \u2013 Chez FRANCE ACTIVE, la CGT majoritaire a horreur du vide. Le cong\u00e9 parental de notre camarade Ruth MANLEY a logiquement conduit la section syndicale \u00e0 pr\u00e9voir son remplacement. C\u2019est d\u00e9sormais notre camarade Eva EKLU qui reprend le mandat de d\u00e9l\u00e9gu\u00e9e syndicale pour cette banque associative.<\/p>\n","protected":false},"author":19,"featured_media":0,"comment_status":"closed","ping_status":"open","sticky":false,"template":"","format":"standard","meta":{"footnotes":""},"categories":[2],"tags":[],"class_list":{"0":"entry","1":"post","2":"publish","3":"author-sebastien","4":"post-8120","6":"format-standard","7":"category-je-tu-ul"},"_links":{"self":[{"href":"https:\/\/www.lacgtmontreuil.fr\/index.php?rest_route=\/wp\/v2\/posts\/8120","targetHints":{"allow":["GET"]}}],"collection":[{"href":"https:\/\/www.lacgtmontreuil.fr\/index.php?rest_route=\/wp\/v2\/posts"}],"about":[{"href":"https:\/\/www.lacgtmontreuil.fr\/index.php?rest_route=\/wp\/v2\/types\/post"}],"author":[{"embeddable":true,"href":"https:\/\/www.lacgtmontreuil.fr\/index.php?rest_route=\/wp\/v2\/users\/19"}],"replies":[{"embeddable":true,"href":"https:\/\/www.lacgtmontreuil.fr\/index.php?rest_route=%2Fwp%2Fv2%2Fcomments&post=8120"}],"version-history":[{"count":2,"href":"https:\/\/www.lacgtmontreuil.fr\/index.php?rest_route=\/wp\/v2\/posts\/8120\/revisions"}],"predecessor-version":[{"id":8150,"href":"https:\/\/www.lacgtmontreuil.fr\/index.php?rest_route=\/wp\/v2\/posts\/8120\/revisions\/8150"}],"wp:attachment":[{"href":"https:\/\/www.lacgtmontreuil.fr\/index.php?rest_route=%2Fwp%2Fv2%2Fmedia&parent=8120"}],"wp:term":[{"taxonomy":"category","embeddable":true,"href":"https:\/\/www.lacgtmontreuil.fr\/index.php?rest_route=%2Fwp%2Fv2%2Fcategories&post=8120"},{"taxonomy":"post_tag","embeddable":true,"href":"https:\/\/www.lacgtmontreuil.fr\/index.php?rest_route=%2Fwp%2Fv2%2Ftags&post=8120"}],"curies":[{"name":"wp","href":"https:\/\/api.w.org\/{rel}","templated":true}]}}