{"id":8108,"date":"2023-10-07T16:04:05","date_gmt":"2023-10-07T14:04:05","guid":{"rendered":"https:\/\/www.lacgtmontreuil.fr\/?p=8108"},"modified":"2023-10-07T16:04:06","modified_gmt":"2023-10-07T14:04:06","slug":"je-tu-ul-n449-dematerialisation-totale","status":"publish","type":"post","link":"https:\/\/www.lacgtmontreuil.fr\/?p=8108","title":{"rendered":"Je, Tu, UL n\u00b0449 &#8211; D\u00c9MAT\u00c9RIALISATION TOTALE\u00a0\u00bb"},"content":{"rendered":"\n<p>98, boulevard de la Boissi\u00e8re \u2013 AUCHAN a interrompu au bout de 2 heures les \u00e9lections professionnelles d\u00e9mat\u00e9rialis\u00e9es, confi\u00e9es au prestataire \u00ab WeChooze \u00bb. La direction annonce r\u00e9fl\u00e9chir aux \u00ab prochaines \u00e9tapes \u00bb, la CGT ayant d\u00e9j\u00e0 tir\u00e9 la sonnette d\u2019alarme sur les dysfonctionnements du vote \u00e9lectronique. Cette fois, les \u00e9lecteurs ne pouvaient pas se connecter et la hot line ne r\u00e9pondait pas.<\/p>\n","protected":false},"excerpt":{"rendered":"<p>98, boulevard de la Boissi\u00e8re \u2013 AUCHAN a interrompu au bout de 2 heures les \u00e9lections professionnelles d\u00e9mat\u00e9rialis\u00e9es, confi\u00e9es au prestataire \u00ab WeChooze \u00bb. La direction annonce r\u00e9fl\u00e9chir aux \u00ab prochaines \u00e9tapes \u00bb, la CGT ayant d\u00e9j\u00e0 tir\u00e9 la sonnette d\u2019alarme sur les dysfonctionnements du vote \u00e9lectronique. Cette fois, les \u00e9lecteurs ne pouvaient pas se &hellip; <\/p>\n","protected":false},"author":19,"featured_media":0,"comment_status":"closed","ping_status":"open","sticky":false,"template":"","format":"standard","meta":{"footnotes":""},"categories":[2],"tags":[],"class_list":{"0":"entry","1":"post","2":"publish","3":"author-sebastien","4":"post-8108","6":"format-standard","7":"category-je-tu-ul"},"_links":{"self":[{"href":"https:\/\/www.lacgtmontreuil.fr\/index.php?rest_route=\/wp\/v2\/posts\/8108","targetHints":{"allow":["GET"]}}],"collection":[{"href":"https:\/\/www.lacgtmontreuil.fr\/index.php?rest_route=\/wp\/v2\/posts"}],"about":[{"href":"https:\/\/www.lacgtmontreuil.fr\/index.php?rest_route=\/wp\/v2\/types\/post"}],"author":[{"embeddable":true,"href":"https:\/\/www.lacgtmontreuil.fr\/index.php?rest_route=\/wp\/v2\/users\/19"}],"replies":[{"embeddable":true,"href":"https:\/\/www.lacgtmontreuil.fr\/index.php?rest_route=%2Fwp%2Fv2%2Fcomments&post=8108"}],"version-history":[{"count":2,"href":"https:\/\/www.lacgtmontreuil.fr\/index.php?rest_route=\/wp\/v2\/posts\/8108\/revisions"}],"predecessor-version":[{"id":8147,"href":"https:\/\/www.lacgtmontreuil.fr\/index.php?rest_route=\/wp\/v2\/posts\/8108\/revisions\/8147"}],"wp:attachment":[{"href":"https:\/\/www.lacgtmontreuil.fr\/index.php?rest_route=%2Fwp%2Fv2%2Fmedia&parent=8108"}],"wp:term":[{"taxonomy":"category","embeddable":true,"href":"https:\/\/www.lacgtmontreuil.fr\/index.php?rest_route=%2Fwp%2Fv2%2Fcategories&post=8108"},{"taxonomy":"post_tag","embeddable":true,"href":"https:\/\/www.lacgtmontreuil.fr\/index.php?rest_route=%2Fwp%2Fv2%2Ftags&post=8108"}],"curies":[{"name":"wp","href":"https:\/\/api.w.org\/{rel}","templated":true}]}}