{"id":8102,"date":"2023-10-07T16:02:21","date_gmt":"2023-10-07T14:02:21","guid":{"rendered":"https:\/\/www.lacgtmontreuil.fr\/?p=8102"},"modified":"2023-10-07T16:02:22","modified_gmt":"2023-10-07T14:02:22","slug":"je-tu-ul-n449-la-mauvaise-education","status":"publish","type":"post","link":"https:\/\/www.lacgtmontreuil.fr\/?p=8102","title":{"rendered":"Je, Tu, UL n\u00b0449 &#8211; LA MAUVAISE \u00c9DUCATION"},"content":{"rendered":"\n<p>25, rue Gabriel P\u00e9ri \u2013 Signatures forc\u00e9es et salaires impay\u00e9s, c\u2019est ainsi que proc\u00e8de l\u2019EDUCATION NATIONALE avec les AESH (Accompagnant-e-s d\u2019El\u00e8ves en Situation de Handicap), qui figurent d\u00e9j\u00e0 parmi les plus mal pay\u00e9s et souffrent d\u2019un sous-effectif chronique. Contraints sous la menace de non-renouvellement de leurs contrats de signer des CDI pr\u00e9caires, les AESH de Seine-Saint-Denis se sont retrouv\u00e9s sans salaire\u2026 la faute \u00e0 un pr\u00e9tendu \u00ab bug \u00bb : l\u2019EDUCATION NATIONALE avait transf\u00e9r\u00e9 leurs dossiers \u00e0 P\u00f4le-Emploi avec attestation de d\u00e9mission en guise de CDI ! Le 3 octobre, la CGT Educ\u2019Action les a accompagn\u00e9-e-s au Minist\u00e8re pour obtenir une r\u00e9paration qui tarde encore \u00e0 venir.<\/p>\n","protected":false},"excerpt":{"rendered":"<p>25, rue Gabriel P\u00e9ri \u2013 Signatures forc\u00e9es et salaires impay\u00e9s, c\u2019est ainsi que proc\u00e8de l\u2019EDUCATION NATIONALE avec les AESH (Accompagnant-e-s d\u2019El\u00e8ves en Situation de Handicap), qui figurent d\u00e9j\u00e0 parmi les plus mal pay\u00e9s et souffrent d\u2019un sous-effectif chronique. Contraints sous la menace de non-renouvellement de leurs contrats de signer des CDI pr\u00e9caires, les AESH de &hellip; <\/p>\n","protected":false},"author":19,"featured_media":0,"comment_status":"closed","ping_status":"open","sticky":false,"template":"","format":"standard","meta":{"footnotes":""},"categories":[2],"tags":[],"class_list":{"0":"entry","1":"post","2":"publish","3":"author-sebastien","4":"post-8102","6":"format-standard","7":"category-je-tu-ul"},"_links":{"self":[{"href":"https:\/\/www.lacgtmontreuil.fr\/index.php?rest_route=\/wp\/v2\/posts\/8102","targetHints":{"allow":["GET"]}}],"collection":[{"href":"https:\/\/www.lacgtmontreuil.fr\/index.php?rest_route=\/wp\/v2\/posts"}],"about":[{"href":"https:\/\/www.lacgtmontreuil.fr\/index.php?rest_route=\/wp\/v2\/types\/post"}],"author":[{"embeddable":true,"href":"https:\/\/www.lacgtmontreuil.fr\/index.php?rest_route=\/wp\/v2\/users\/19"}],"replies":[{"embeddable":true,"href":"https:\/\/www.lacgtmontreuil.fr\/index.php?rest_route=%2Fwp%2Fv2%2Fcomments&post=8102"}],"version-history":[{"count":2,"href":"https:\/\/www.lacgtmontreuil.fr\/index.php?rest_route=\/wp\/v2\/posts\/8102\/revisions"}],"predecessor-version":[{"id":8141,"href":"https:\/\/www.lacgtmontreuil.fr\/index.php?rest_route=\/wp\/v2\/posts\/8102\/revisions\/8141"}],"wp:attachment":[{"href":"https:\/\/www.lacgtmontreuil.fr\/index.php?rest_route=%2Fwp%2Fv2%2Fmedia&parent=8102"}],"wp:term":[{"taxonomy":"category","embeddable":true,"href":"https:\/\/www.lacgtmontreuil.fr\/index.php?rest_route=%2Fwp%2Fv2%2Fcategories&post=8102"},{"taxonomy":"post_tag","embeddable":true,"href":"https:\/\/www.lacgtmontreuil.fr\/index.php?rest_route=%2Fwp%2Fv2%2Ftags&post=8102"}],"curies":[{"name":"wp","href":"https:\/\/api.w.org\/{rel}","templated":true}]}}