{"id":8092,"date":"2023-09-24T09:47:50","date_gmt":"2023-09-24T07:47:50","guid":{"rendered":"https:\/\/www.lacgtmontreuil.fr\/?p=8092"},"modified":"2023-09-24T09:47:50","modified_gmt":"2023-09-24T07:47:50","slug":"je-tu-ul-n-448-arbitraire-administratif","status":"publish","type":"post","link":"https:\/\/www.lacgtmontreuil.fr\/?p=8092","title":{"rendered":"Je, Tu, UL n\u00b0 448 &#8211; ARBITRAIRE ADMINISTRATIF"},"content":{"rendered":"\n<p>11, rue des Deux Communes \u2013 A la DOUANE, la CGT s\u2019insurge contre les d\u00e9rives de la CAPN Discipline \u2013 dont le paritarisme ne cesse de s\u2019\u00e9mousser \u2013 transform\u00e9e en juridiction d\u2019exception pour sanctionner les agents sur la base de d\u00e9nonciations souvent fallacieuses. La CGT exige le respect du contradictoire et des droits de la d\u00e9fense, face \u00e0 une administration qui pr\u00e9sente de plus en plus des dossiers ficel\u00e9s et \u00e0 charge, apr\u00e8s des mois de suspension des agents concern\u00e9s.\u00a0<\/p>\n","protected":false},"excerpt":{"rendered":"<p>11, rue des Deux Communes \u2013 A la DOUANE, la CGT s\u2019insurge contre les d\u00e9rives de la CAPN Discipline \u2013 dont le paritarisme ne cesse de s\u2019\u00e9mousser \u2013 transform\u00e9e en juridiction d\u2019exception pour sanctionner les agents sur la base de d\u00e9nonciations souvent fallacieuses. La CGT exige le respect du contradictoire et des droits de la &hellip; <\/p>\n","protected":false},"author":19,"featured_media":0,"comment_status":"closed","ping_status":"open","sticky":false,"template":"","format":"standard","meta":{"footnotes":""},"categories":[2],"tags":[],"class_list":{"0":"entry","1":"post","2":"publish","3":"author-sebastien","4":"post-8092","6":"format-standard","7":"category-je-tu-ul"},"_links":{"self":[{"href":"https:\/\/www.lacgtmontreuil.fr\/index.php?rest_route=\/wp\/v2\/posts\/8092","targetHints":{"allow":["GET"]}}],"collection":[{"href":"https:\/\/www.lacgtmontreuil.fr\/index.php?rest_route=\/wp\/v2\/posts"}],"about":[{"href":"https:\/\/www.lacgtmontreuil.fr\/index.php?rest_route=\/wp\/v2\/types\/post"}],"author":[{"embeddable":true,"href":"https:\/\/www.lacgtmontreuil.fr\/index.php?rest_route=\/wp\/v2\/users\/19"}],"replies":[{"embeddable":true,"href":"https:\/\/www.lacgtmontreuil.fr\/index.php?rest_route=%2Fwp%2Fv2%2Fcomments&post=8092"}],"version-history":[{"count":1,"href":"https:\/\/www.lacgtmontreuil.fr\/index.php?rest_route=\/wp\/v2\/posts\/8092\/revisions"}],"predecessor-version":[{"id":8095,"href":"https:\/\/www.lacgtmontreuil.fr\/index.php?rest_route=\/wp\/v2\/posts\/8092\/revisions\/8095"}],"wp:attachment":[{"href":"https:\/\/www.lacgtmontreuil.fr\/index.php?rest_route=%2Fwp%2Fv2%2Fmedia&parent=8092"}],"wp:term":[{"taxonomy":"category","embeddable":true,"href":"https:\/\/www.lacgtmontreuil.fr\/index.php?rest_route=%2Fwp%2Fv2%2Fcategories&post=8092"},{"taxonomy":"post_tag","embeddable":true,"href":"https:\/\/www.lacgtmontreuil.fr\/index.php?rest_route=%2Fwp%2Fv2%2Ftags&post=8092"}],"curies":[{"name":"wp","href":"https:\/\/api.w.org\/{rel}","templated":true}]}}