{"id":8086,"date":"2023-09-24T09:46:49","date_gmt":"2023-09-24T07:46:49","guid":{"rendered":"https:\/\/www.lacgtmontreuil.fr\/?p=8086"},"modified":"2023-09-24T09:46:49","modified_gmt":"2023-09-24T07:46:49","slug":"je-tu-ul-n448-alerte-baclee","status":"publish","type":"post","link":"https:\/\/www.lacgtmontreuil.fr\/?p=8086","title":{"rendered":"Je, Tu, UL n\u00b0448 &#8211; \u00a0ALERTE B\u00c2CL\u00c9E"},"content":{"rendered":"\n<p>98, boulevard de la Boissi\u00e8re \u2013 Chez AUCHAN, l\u2019alerte sur l\u2019atteinte aux personnes lanc\u00e9e en juin dernier par notre camarade Teddy CARVIGANT accouche d\u2019un constat sur \u00ab le manque de communication et de dialogue \u00bb au sein du magasin. Un euph\u00e9misme peu dissuasif pour la direction qui vient encore de convoquer 2 salari\u00e9s sous des pr\u00e9textes futiles\u2026\u00a0<\/p>\n","protected":false},"excerpt":{"rendered":"<p>98, boulevard de la Boissi\u00e8re \u2013 Chez AUCHAN, l\u2019alerte sur l\u2019atteinte aux personnes lanc\u00e9e en juin dernier par notre camarade Teddy CARVIGANT accouche d\u2019un constat sur \u00ab le manque de communication et de dialogue \u00bb au sein du magasin. Un euph\u00e9misme peu dissuasif pour la direction qui vient encore de convoquer 2 salari\u00e9s sous des &hellip; <\/p>\n","protected":false},"author":19,"featured_media":0,"comment_status":"closed","ping_status":"open","sticky":false,"template":"","format":"standard","meta":{"footnotes":""},"categories":[2],"tags":[],"class_list":{"0":"entry","1":"post","2":"publish","3":"author-sebastien","4":"post-8086","6":"format-standard","7":"category-je-tu-ul"},"_links":{"self":[{"href":"https:\/\/www.lacgtmontreuil.fr\/index.php?rest_route=\/wp\/v2\/posts\/8086","targetHints":{"allow":["GET"]}}],"collection":[{"href":"https:\/\/www.lacgtmontreuil.fr\/index.php?rest_route=\/wp\/v2\/posts"}],"about":[{"href":"https:\/\/www.lacgtmontreuil.fr\/index.php?rest_route=\/wp\/v2\/types\/post"}],"author":[{"embeddable":true,"href":"https:\/\/www.lacgtmontreuil.fr\/index.php?rest_route=\/wp\/v2\/users\/19"}],"replies":[{"embeddable":true,"href":"https:\/\/www.lacgtmontreuil.fr\/index.php?rest_route=%2Fwp%2Fv2%2Fcomments&post=8086"}],"version-history":[{"count":1,"href":"https:\/\/www.lacgtmontreuil.fr\/index.php?rest_route=\/wp\/v2\/posts\/8086\/revisions"}],"predecessor-version":[{"id":8089,"href":"https:\/\/www.lacgtmontreuil.fr\/index.php?rest_route=\/wp\/v2\/posts\/8086\/revisions\/8089"}],"wp:attachment":[{"href":"https:\/\/www.lacgtmontreuil.fr\/index.php?rest_route=%2Fwp%2Fv2%2Fmedia&parent=8086"}],"wp:term":[{"taxonomy":"category","embeddable":true,"href":"https:\/\/www.lacgtmontreuil.fr\/index.php?rest_route=%2Fwp%2Fv2%2Fcategories&post=8086"},{"taxonomy":"post_tag","embeddable":true,"href":"https:\/\/www.lacgtmontreuil.fr\/index.php?rest_route=%2Fwp%2Fv2%2Ftags&post=8086"}],"curies":[{"name":"wp","href":"https:\/\/api.w.org\/{rel}","templated":true}]}}