{"id":8051,"date":"2023-09-15T17:00:23","date_gmt":"2023-09-15T15:00:23","guid":{"rendered":"https:\/\/www.lacgtmontreuil.fr\/?p=8051"},"modified":"2023-09-15T17:00:24","modified_gmt":"2023-09-15T15:00:24","slug":"je-tu-ul-n-447-a-300-pour-les-300e","status":"publish","type":"post","link":"https:\/\/www.lacgtmontreuil.fr\/?p=8051","title":{"rendered":"Je, Tu, UL n\u00b0 447 &#8211; A 300 POUR LES 300\u20ac"},"content":{"rendered":"\n<p> Place Jean Jaur\u00e8s \u2013 Devant la MAIRIE DE MONTREUIL, le syndicat<br>CGT des Territoriaux a rassembl\u00e9 300 agents mardi 12 septembre pour r\u00e9clamer \u00e0 la Municipalit\u00e9<br>la prime de pouvoir d\u2019achat, autoris\u00e9e par le gouvernement dans les collectivit\u00e9s. Avec une<br>fourchette comprise entre 300 et 800 euros\u2026 \u00e0 la charge des communes.<\/p>\n","protected":false},"excerpt":{"rendered":"<p>Place Jean Jaur\u00e8s \u2013 Devant la MAIRIE DE MONTREUIL, le syndicatCGT des Territoriaux a rassembl\u00e9 300 agents mardi 12 septembre pour r\u00e9clamer \u00e0 la Municipalit\u00e9la prime de pouvoir d\u2019achat, autoris\u00e9e par le gouvernement dans les collectivit\u00e9s. Avec unefourchette comprise entre 300 et 800 euros\u2026 \u00e0 la charge des communes.<\/p>\n","protected":false},"author":19,"featured_media":0,"comment_status":"closed","ping_status":"open","sticky":false,"template":"","format":"standard","meta":{"footnotes":""},"categories":[2],"tags":[],"class_list":{"0":"entry","1":"post","2":"publish","3":"author-sebastien","4":"post-8051","6":"format-standard","7":"category-je-tu-ul"},"_links":{"self":[{"href":"https:\/\/www.lacgtmontreuil.fr\/index.php?rest_route=\/wp\/v2\/posts\/8051","targetHints":{"allow":["GET"]}}],"collection":[{"href":"https:\/\/www.lacgtmontreuil.fr\/index.php?rest_route=\/wp\/v2\/posts"}],"about":[{"href":"https:\/\/www.lacgtmontreuil.fr\/index.php?rest_route=\/wp\/v2\/types\/post"}],"author":[{"embeddable":true,"href":"https:\/\/www.lacgtmontreuil.fr\/index.php?rest_route=\/wp\/v2\/users\/19"}],"replies":[{"embeddable":true,"href":"https:\/\/www.lacgtmontreuil.fr\/index.php?rest_route=%2Fwp%2Fv2%2Fcomments&post=8051"}],"version-history":[{"count":1,"href":"https:\/\/www.lacgtmontreuil.fr\/index.php?rest_route=\/wp\/v2\/posts\/8051\/revisions"}],"predecessor-version":[{"id":8054,"href":"https:\/\/www.lacgtmontreuil.fr\/index.php?rest_route=\/wp\/v2\/posts\/8051\/revisions\/8054"}],"wp:attachment":[{"href":"https:\/\/www.lacgtmontreuil.fr\/index.php?rest_route=%2Fwp%2Fv2%2Fmedia&parent=8051"}],"wp:term":[{"taxonomy":"category","embeddable":true,"href":"https:\/\/www.lacgtmontreuil.fr\/index.php?rest_route=%2Fwp%2Fv2%2Fcategories&post=8051"},{"taxonomy":"post_tag","embeddable":true,"href":"https:\/\/www.lacgtmontreuil.fr\/index.php?rest_route=%2Fwp%2Fv2%2Ftags&post=8051"}],"curies":[{"name":"wp","href":"https:\/\/api.w.org\/{rel}","templated":true}]}}