{"id":8036,"date":"2023-09-15T16:51:03","date_gmt":"2023-09-15T14:51:03","guid":{"rendered":"https:\/\/www.lacgtmontreuil.fr\/?p=8036"},"modified":"2023-09-15T16:51:03","modified_gmt":"2023-09-15T14:51:03","slug":"je-tu-ul-n447-precaire-et-pas-paye","status":"publish","type":"post","link":"https:\/\/www.lacgtmontreuil.fr\/?p=8036","title":{"rendered":"Je, Tu, UL n\u00b0447 &#8211; PR\u00c9CAIRE ET PAS PAY\u00c9"},"content":{"rendered":"\n<p>86, rue Voltaire \u2013 CONTENTEO LAB avait embauch\u00e9 en CDD pour 15 jours un jeune assistant vid\u00e9o\u2026 oubliant de le r\u00e9mun\u00e9rer \u00e0 l\u2019issue du contrat. D\u00e9fendu par la CGT devant le Conseil de Prud\u2019hommes, la formation des r\u00e9f\u00e9r\u00e9s ordonne \u00e0 l\u2019employeur de lui r\u00e9gler les 1300 euros en souffrance et \u00e0 lui remettre, sous astreinte de 20 euros par jour de retard, les documents de fin de contrat. S\u2019y ajoutent 500 euros au titre des frais de justice.<\/p>\n","protected":false},"excerpt":{"rendered":"<p>86, rue Voltaire \u2013 CONTENTEO LAB avait embauch\u00e9 en CDD pour 15 jours un jeune assistant vid\u00e9o\u2026 oubliant de le r\u00e9mun\u00e9rer \u00e0 l\u2019issue du contrat. D\u00e9fendu par la CGT devant le Conseil de Prud\u2019hommes, la formation des r\u00e9f\u00e9r\u00e9s ordonne \u00e0 l\u2019employeur de lui r\u00e9gler les 1300 euros en souffrance et \u00e0 lui remettre, sous astreinte &hellip; <\/p>\n","protected":false},"author":19,"featured_media":0,"comment_status":"closed","ping_status":"open","sticky":false,"template":"","format":"standard","meta":{"footnotes":""},"categories":[2],"tags":[],"class_list":{"0":"entry","1":"post","2":"publish","3":"author-sebastien","4":"post-8036","6":"format-standard","7":"category-je-tu-ul"},"_links":{"self":[{"href":"https:\/\/www.lacgtmontreuil.fr\/index.php?rest_route=\/wp\/v2\/posts\/8036","targetHints":{"allow":["GET"]}}],"collection":[{"href":"https:\/\/www.lacgtmontreuil.fr\/index.php?rest_route=\/wp\/v2\/posts"}],"about":[{"href":"https:\/\/www.lacgtmontreuil.fr\/index.php?rest_route=\/wp\/v2\/types\/post"}],"author":[{"embeddable":true,"href":"https:\/\/www.lacgtmontreuil.fr\/index.php?rest_route=\/wp\/v2\/users\/19"}],"replies":[{"embeddable":true,"href":"https:\/\/www.lacgtmontreuil.fr\/index.php?rest_route=%2Fwp%2Fv2%2Fcomments&post=8036"}],"version-history":[{"count":2,"href":"https:\/\/www.lacgtmontreuil.fr\/index.php?rest_route=\/wp\/v2\/posts\/8036\/revisions"}],"predecessor-version":[{"id":8048,"href":"https:\/\/www.lacgtmontreuil.fr\/index.php?rest_route=\/wp\/v2\/posts\/8036\/revisions\/8048"}],"wp:attachment":[{"href":"https:\/\/www.lacgtmontreuil.fr\/index.php?rest_route=%2Fwp%2Fv2%2Fmedia&parent=8036"}],"wp:term":[{"taxonomy":"category","embeddable":true,"href":"https:\/\/www.lacgtmontreuil.fr\/index.php?rest_route=%2Fwp%2Fv2%2Fcategories&post=8036"},{"taxonomy":"post_tag","embeddable":true,"href":"https:\/\/www.lacgtmontreuil.fr\/index.php?rest_route=%2Fwp%2Fv2%2Ftags&post=8036"}],"curies":[{"name":"wp","href":"https:\/\/api.w.org\/{rel}","templated":true}]}}