{"id":8030,"date":"2023-09-15T16:48:42","date_gmt":"2023-09-15T14:48:42","guid":{"rendered":"https:\/\/www.lacgtmontreuil.fr\/?p=8030"},"modified":"2023-09-15T16:48:42","modified_gmt":"2023-09-15T14:48:42","slug":"je-tu-ul-n447-auchan-nelisez","status":"publish","type":"post","link":"https:\/\/www.lacgtmontreuil.fr\/?p=8030","title":{"rendered":"Je, Tu, UL n\u00b0447 &#8211; AUCHAN N\u2019\u00c9LISEZ"},"content":{"rendered":"\n<p>98, boulevard de la Boissi\u00e8re \u2013 Chez AUCHAN, les magasins regroup\u00e9s en <br>\u00ab zone de vie \u00bb doivent organiser les prochaines \u00e9lections pour le CSE, ce qui exige un accord sur <br>les r\u00e8gles du vote. Le 5 septembre, \u00e0 Bagnolet, la DRH aura tent\u00e9 d\u2019imposer son protocole aux <br>organisations syndicales comptant une fois encore sur les divisions. Mal lui en a pris : c\u2019est \u00e0 <br>l\u2019unanimit\u00e9 que les 5 organisations syndicales se sont solidaris\u00e9es comme la CGT le pr\u00e9conisait <br>pour rejeter des conditions de vote inacceptables. Toutes attendent d\u00e9sormais la convocation <br>pour des n\u00e9gociations s\u00e9rieuses garantissant une \u00e9lection honn\u00eate.<\/p>\n","protected":false},"excerpt":{"rendered":"<p>98, boulevard de la Boissi\u00e8re \u2013 Chez AUCHAN, les magasins regroup\u00e9s en \u00ab zone de vie \u00bb doivent organiser les prochaines \u00e9lections pour le CSE, ce qui exige un accord sur les r\u00e8gles du vote. Le 5 septembre, \u00e0 Bagnolet, la DRH aura tent\u00e9 d\u2019imposer son protocole aux organisations syndicales comptant une fois encore sur &hellip; <\/p>\n","protected":false},"author":19,"featured_media":0,"comment_status":"closed","ping_status":"open","sticky":false,"template":"","format":"standard","meta":{"footnotes":""},"categories":[2],"tags":[],"class_list":{"0":"entry","1":"post","2":"publish","3":"author-sebastien","4":"post-8030","6":"format-standard","7":"category-je-tu-ul"},"_links":{"self":[{"href":"https:\/\/www.lacgtmontreuil.fr\/index.php?rest_route=\/wp\/v2\/posts\/8030","targetHints":{"allow":["GET"]}}],"collection":[{"href":"https:\/\/www.lacgtmontreuil.fr\/index.php?rest_route=\/wp\/v2\/posts"}],"about":[{"href":"https:\/\/www.lacgtmontreuil.fr\/index.php?rest_route=\/wp\/v2\/types\/post"}],"author":[{"embeddable":true,"href":"https:\/\/www.lacgtmontreuil.fr\/index.php?rest_route=\/wp\/v2\/users\/19"}],"replies":[{"embeddable":true,"href":"https:\/\/www.lacgtmontreuil.fr\/index.php?rest_route=%2Fwp%2Fv2%2Fcomments&post=8030"}],"version-history":[{"count":2,"href":"https:\/\/www.lacgtmontreuil.fr\/index.php?rest_route=\/wp\/v2\/posts\/8030\/revisions"}],"predecessor-version":[{"id":8039,"href":"https:\/\/www.lacgtmontreuil.fr\/index.php?rest_route=\/wp\/v2\/posts\/8030\/revisions\/8039"}],"wp:attachment":[{"href":"https:\/\/www.lacgtmontreuil.fr\/index.php?rest_route=%2Fwp%2Fv2%2Fmedia&parent=8030"}],"wp:term":[{"taxonomy":"category","embeddable":true,"href":"https:\/\/www.lacgtmontreuil.fr\/index.php?rest_route=%2Fwp%2Fv2%2Fcategories&post=8030"},{"taxonomy":"post_tag","embeddable":true,"href":"https:\/\/www.lacgtmontreuil.fr\/index.php?rest_route=%2Fwp%2Fv2%2Ftags&post=8030"}],"curies":[{"name":"wp","href":"https:\/\/api.w.org\/{rel}","templated":true}]}}