{"id":7618,"date":"2023-08-27T10:59:12","date_gmt":"2023-08-27T08:59:12","guid":{"rendered":"https:\/\/www.lacgtmontreuil.fr\/?p=7618"},"modified":"2023-08-27T11:06:55","modified_gmt":"2023-08-27T09:06:55","slug":"je-tu-ul-n445-greve-gagnante","status":"publish","type":"post","link":"https:\/\/www.lacgtmontreuil.fr\/?p=7618","title":{"rendered":"Je, Tu, UL n\u00b0445 &#8211; GR\u00c8VE GAGNANTE"},"content":{"rendered":"\n<p>118, rue de Paris\u00a0\u2013\u00a0A la FONDATION DE ROTHSCHILD, la gr\u00e8ve du dimanche 1er\u00a0juillet dernier avait mis l\u2019EHPAD \u00e0 l\u2019arr\u00eat, avec le soutien des r\u00e9sidents et de leurs familles. Apr\u00e8s maintes tergiversations, le si\u00e8ge de la Fondation vient d\u2019annoncer l\u2019abandon de la proc\u00e9dure de licenciement contre notre camarade Ana Maria BALMUS, mise en cause pour son engagement d\u2019\u00e9lue CGT. Poussant l\u2019avantage, elle exige avec son syndicat un diagnostic du coup mont\u00e9 contre elle et la reprise de l\u2019alerte contre la mal gouvernance de l\u2019\u00e9tablissement de Montreuil.<\/p>\n","protected":false},"excerpt":{"rendered":"<p>118, rue de Paris\u00a0\u2013\u00a0A la FONDATION DE ROTHSCHILD, la gr\u00e8ve du dimanche 1er\u00a0juillet dernier avait mis l\u2019EHPAD \u00e0 l\u2019arr\u00eat, avec le soutien des r\u00e9sidents et de leurs familles. Apr\u00e8s maintes tergiversations, le si\u00e8ge de la Fondation vient d\u2019annoncer l\u2019abandon de la proc\u00e9dure de licenciement contre notre camarade Ana Maria BALMUS, mise en cause pour son &hellip; <\/p>\n","protected":false},"author":19,"featured_media":0,"comment_status":"closed","ping_status":"open","sticky":false,"template":"","format":"standard","meta":{"footnotes":""},"categories":[2],"tags":[],"class_list":{"0":"entry","1":"post","2":"publish","3":"author-sebastien","4":"post-7618","6":"format-standard","7":"category-je-tu-ul"},"_links":{"self":[{"href":"https:\/\/www.lacgtmontreuil.fr\/index.php?rest_route=\/wp\/v2\/posts\/7618","targetHints":{"allow":["GET"]}}],"collection":[{"href":"https:\/\/www.lacgtmontreuil.fr\/index.php?rest_route=\/wp\/v2\/posts"}],"about":[{"href":"https:\/\/www.lacgtmontreuil.fr\/index.php?rest_route=\/wp\/v2\/types\/post"}],"author":[{"embeddable":true,"href":"https:\/\/www.lacgtmontreuil.fr\/index.php?rest_route=\/wp\/v2\/users\/19"}],"replies":[{"embeddable":true,"href":"https:\/\/www.lacgtmontreuil.fr\/index.php?rest_route=%2Fwp%2Fv2%2Fcomments&post=7618"}],"version-history":[{"count":1,"href":"https:\/\/www.lacgtmontreuil.fr\/index.php?rest_route=\/wp\/v2\/posts\/7618\/revisions"}],"predecessor-version":[{"id":7621,"href":"https:\/\/www.lacgtmontreuil.fr\/index.php?rest_route=\/wp\/v2\/posts\/7618\/revisions\/7621"}],"wp:attachment":[{"href":"https:\/\/www.lacgtmontreuil.fr\/index.php?rest_route=%2Fwp%2Fv2%2Fmedia&parent=7618"}],"wp:term":[{"taxonomy":"category","embeddable":true,"href":"https:\/\/www.lacgtmontreuil.fr\/index.php?rest_route=%2Fwp%2Fv2%2Fcategories&post=7618"},{"taxonomy":"post_tag","embeddable":true,"href":"https:\/\/www.lacgtmontreuil.fr\/index.php?rest_route=%2Fwp%2Fv2%2Ftags&post=7618"}],"curies":[{"name":"wp","href":"https:\/\/api.w.org\/{rel}","templated":true}]}}