{"id":7612,"date":"2023-08-27T10:59:29","date_gmt":"2023-08-27T08:59:29","guid":{"rendered":"https:\/\/www.lacgtmontreuil.fr\/?p=7612"},"modified":"2023-08-27T11:06:09","modified_gmt":"2023-08-27T09:06:09","slug":"je-tu-ul-n445-pas-de-franchise-sur-les-salaires","status":"publish","type":"post","link":"https:\/\/www.lacgtmontreuil.fr\/?p=7612","title":{"rendered":"Je, Tu, UL n\u00b0445 &#8211; PAS DE FRANCHISE SUR LES SALAIRES"},"content":{"rendered":"\n<p><strong>\u00a0<\/strong>98, boulevard de la Boissi\u00e8re\u00a0\u2013\u00a0Les sites AUCHAN de Montreuil et de M\u00e9nilmontant ayant \u00e9t\u00e9 pill\u00e9s lors des \u00e9meutes du 29 juin, la CGT est imm\u00e9diatement intervenue contre la d\u00e9cision de faire \u00ab r\u00e9cup\u00e9rer \u00bb aux salari\u00e9-e-s la journ\u00e9e du 30 o\u00f9 les magasins sont rest\u00e9s ferm\u00e9s. Les inventaires auront largement permis \u00e0 AUCHAN de faire rembourser les d\u00e9g\u00e2ts par l\u2019assurance : les salaires ne sont pas un compl\u00e9ment d\u2019assurance, alors que les employ\u00e9s sont mobilis\u00e9s pour permettre la reprise d\u2019activit\u00e9.<\/p>\n","protected":false},"excerpt":{"rendered":"<p>\u00a098, boulevard de la Boissi\u00e8re\u00a0\u2013\u00a0Les sites AUCHAN de Montreuil et de M\u00e9nilmontant ayant \u00e9t\u00e9 pill\u00e9s lors des \u00e9meutes du 29 juin, la CGT est imm\u00e9diatement intervenue contre la d\u00e9cision de faire \u00ab r\u00e9cup\u00e9rer \u00bb aux salari\u00e9-e-s la journ\u00e9e du 30 o\u00f9 les magasins sont rest\u00e9s ferm\u00e9s. Les inventaires auront largement permis \u00e0 AUCHAN de faire &hellip; <\/p>\n","protected":false},"author":19,"featured_media":0,"comment_status":"closed","ping_status":"open","sticky":false,"template":"","format":"standard","meta":{"footnotes":""},"categories":[2],"tags":[],"class_list":{"0":"entry","1":"post","2":"publish","3":"author-sebastien","4":"post-7612","6":"format-standard","7":"category-je-tu-ul"},"_links":{"self":[{"href":"https:\/\/www.lacgtmontreuil.fr\/index.php?rest_route=\/wp\/v2\/posts\/7612","targetHints":{"allow":["GET"]}}],"collection":[{"href":"https:\/\/www.lacgtmontreuil.fr\/index.php?rest_route=\/wp\/v2\/posts"}],"about":[{"href":"https:\/\/www.lacgtmontreuil.fr\/index.php?rest_route=\/wp\/v2\/types\/post"}],"author":[{"embeddable":true,"href":"https:\/\/www.lacgtmontreuil.fr\/index.php?rest_route=\/wp\/v2\/users\/19"}],"replies":[{"embeddable":true,"href":"https:\/\/www.lacgtmontreuil.fr\/index.php?rest_route=%2Fwp%2Fv2%2Fcomments&post=7612"}],"version-history":[{"count":1,"href":"https:\/\/www.lacgtmontreuil.fr\/index.php?rest_route=\/wp\/v2\/posts\/7612\/revisions"}],"predecessor-version":[{"id":7615,"href":"https:\/\/www.lacgtmontreuil.fr\/index.php?rest_route=\/wp\/v2\/posts\/7612\/revisions\/7615"}],"wp:attachment":[{"href":"https:\/\/www.lacgtmontreuil.fr\/index.php?rest_route=%2Fwp%2Fv2%2Fmedia&parent=7612"}],"wp:term":[{"taxonomy":"category","embeddable":true,"href":"https:\/\/www.lacgtmontreuil.fr\/index.php?rest_route=%2Fwp%2Fv2%2Fcategories&post=7612"},{"taxonomy":"post_tag","embeddable":true,"href":"https:\/\/www.lacgtmontreuil.fr\/index.php?rest_route=%2Fwp%2Fv2%2Ftags&post=7612"}],"curies":[{"name":"wp","href":"https:\/\/api.w.org\/{rel}","templated":true}]}}