{"id":7588,"date":"2023-08-27T10:58:34","date_gmt":"2023-08-27T08:58:34","guid":{"rendered":"https:\/\/www.lacgtmontreuil.fr\/?p=7588"},"modified":"2023-08-27T10:58:35","modified_gmt":"2023-08-27T08:58:35","slug":"je-tu-ul-n445-rotation","status":"publish","type":"post","link":"https:\/\/www.lacgtmontreuil.fr\/?p=7588","title":{"rendered":"Je, Tu, UL n\u00b0445 &#8211; ROTATION"},"content":{"rendered":"\n<p>2, rue de l\u2019Aqueduc\u00a0\u2013\u00a0Aux CITES CARITAS, le rythme des 4 ans entre 2 \u00e9lections use les \u00e9quipes syndicales. Suite \u00e0 la d\u00e9mission de son mandat de notre camarade Nathalie CHEVE, la section CGT d\u00e9signe cette semaine Marlyse BASSUET pour reprendre la responsabilit\u00e9 de d\u00e9l\u00e9gu\u00e9e syndicale CGT, majoritaire au de l\u2019association.<\/p>\n","protected":false},"excerpt":{"rendered":"<p>2, rue de l\u2019Aqueduc\u00a0\u2013\u00a0Aux CITES CARITAS, le rythme des 4 ans entre 2 \u00e9lections use les \u00e9quipes syndicales. Suite \u00e0 la d\u00e9mission de son mandat de notre camarade Nathalie CHEVE, la section CGT d\u00e9signe cette semaine Marlyse BASSUET pour reprendre la responsabilit\u00e9 de d\u00e9l\u00e9gu\u00e9e syndicale CGT, majoritaire au de l\u2019association.<\/p>\n","protected":false},"author":19,"featured_media":0,"comment_status":"closed","ping_status":"open","sticky":false,"template":"","format":"standard","meta":{"footnotes":""},"categories":[2],"tags":[],"class_list":{"0":"entry","1":"post","2":"publish","3":"author-sebastien","4":"post-7588","6":"format-standard","7":"category-je-tu-ul"},"_links":{"self":[{"href":"https:\/\/www.lacgtmontreuil.fr\/index.php?rest_route=\/wp\/v2\/posts\/7588","targetHints":{"allow":["GET"]}}],"collection":[{"href":"https:\/\/www.lacgtmontreuil.fr\/index.php?rest_route=\/wp\/v2\/posts"}],"about":[{"href":"https:\/\/www.lacgtmontreuil.fr\/index.php?rest_route=\/wp\/v2\/types\/post"}],"author":[{"embeddable":true,"href":"https:\/\/www.lacgtmontreuil.fr\/index.php?rest_route=\/wp\/v2\/users\/19"}],"replies":[{"embeddable":true,"href":"https:\/\/www.lacgtmontreuil.fr\/index.php?rest_route=%2Fwp%2Fv2%2Fcomments&post=7588"}],"version-history":[{"count":1,"href":"https:\/\/www.lacgtmontreuil.fr\/index.php?rest_route=\/wp\/v2\/posts\/7588\/revisions"}],"predecessor-version":[{"id":7591,"href":"https:\/\/www.lacgtmontreuil.fr\/index.php?rest_route=\/wp\/v2\/posts\/7588\/revisions\/7591"}],"wp:attachment":[{"href":"https:\/\/www.lacgtmontreuil.fr\/index.php?rest_route=%2Fwp%2Fv2%2Fmedia&parent=7588"}],"wp:term":[{"taxonomy":"category","embeddable":true,"href":"https:\/\/www.lacgtmontreuil.fr\/index.php?rest_route=%2Fwp%2Fv2%2Fcategories&post=7588"},{"taxonomy":"post_tag","embeddable":true,"href":"https:\/\/www.lacgtmontreuil.fr\/index.php?rest_route=%2Fwp%2Fv2%2Ftags&post=7588"}],"curies":[{"name":"wp","href":"https:\/\/api.w.org\/{rel}","templated":true}]}}