{"id":7582,"date":"2023-08-27T11:00:40","date_gmt":"2023-08-27T09:00:40","guid":{"rendered":"https:\/\/www.lacgtmontreuil.fr\/?p=7582"},"modified":"2023-08-27T11:04:53","modified_gmt":"2023-08-27T09:04:53","slug":"je-tu-ul-n446-lutte-finale","status":"publish","type":"post","link":"https:\/\/www.lacgtmontreuil.fr\/?p=7582","title":{"rendered":"Je, Tu, UL n\u00b0446 &#8211; LUTTE FINALE"},"content":{"rendered":"\n<p>66-72, rue Marceau\u00a0\u2013\u00a0Pour les NOUVEAUX ROBINSON la fin approche, m\u00eame si le Tribunal de Commerce a ordonn\u00e9 le \u00ab maintien provisoire \u00bb de l\u2019activit\u00e9 jusqu\u2019au 31 ao\u00fbt. Dans l\u2019int\u00e9r\u00eat des 68 salari\u00e9-e-s r\u00e9parti-e-s sur 9 sites, la CGT a sign\u00e9 avec l\u2019administrateur le Plan de Sauvegarde de l\u2019Emploi, lequel pr\u00e9voit un budget de 130 000 euros pour les mesures d\u2019accompagnement, de formation ou de reclassement. Un comit\u00e9 paritaire de suivi est mis en place avec nos camarades.<\/p>\n","protected":false},"excerpt":{"rendered":"<p>66-72, rue Marceau\u00a0\u2013\u00a0Pour les NOUVEAUX ROBINSON la fin approche, m\u00eame si le Tribunal de Commerce a ordonn\u00e9 le \u00ab maintien provisoire \u00bb de l\u2019activit\u00e9 jusqu\u2019au 31 ao\u00fbt. Dans l\u2019int\u00e9r\u00eat des 68 salari\u00e9-e-s r\u00e9parti-e-s sur 9 sites, la CGT a sign\u00e9 avec l\u2019administrateur le Plan de Sauvegarde de l\u2019Emploi, lequel pr\u00e9voit un budget de 130 000 &hellip; <\/p>\n","protected":false},"author":19,"featured_media":0,"comment_status":"closed","ping_status":"open","sticky":false,"template":"","format":"standard","meta":{"footnotes":""},"categories":[2],"tags":[],"class_list":{"0":"entry","1":"post","2":"publish","3":"author-sebastien","4":"post-7582","6":"format-standard","7":"category-je-tu-ul"},"_links":{"self":[{"href":"https:\/\/www.lacgtmontreuil.fr\/index.php?rest_route=\/wp\/v2\/posts\/7582","targetHints":{"allow":["GET"]}}],"collection":[{"href":"https:\/\/www.lacgtmontreuil.fr\/index.php?rest_route=\/wp\/v2\/posts"}],"about":[{"href":"https:\/\/www.lacgtmontreuil.fr\/index.php?rest_route=\/wp\/v2\/types\/post"}],"author":[{"embeddable":true,"href":"https:\/\/www.lacgtmontreuil.fr\/index.php?rest_route=\/wp\/v2\/users\/19"}],"replies":[{"embeddable":true,"href":"https:\/\/www.lacgtmontreuil.fr\/index.php?rest_route=%2Fwp%2Fv2%2Fcomments&post=7582"}],"version-history":[{"count":1,"href":"https:\/\/www.lacgtmontreuil.fr\/index.php?rest_route=\/wp\/v2\/posts\/7582\/revisions"}],"predecessor-version":[{"id":7585,"href":"https:\/\/www.lacgtmontreuil.fr\/index.php?rest_route=\/wp\/v2\/posts\/7582\/revisions\/7585"}],"wp:attachment":[{"href":"https:\/\/www.lacgtmontreuil.fr\/index.php?rest_route=%2Fwp%2Fv2%2Fmedia&parent=7582"}],"wp:term":[{"taxonomy":"category","embeddable":true,"href":"https:\/\/www.lacgtmontreuil.fr\/index.php?rest_route=%2Fwp%2Fv2%2Fcategories&post=7582"},{"taxonomy":"post_tag","embeddable":true,"href":"https:\/\/www.lacgtmontreuil.fr\/index.php?rest_route=%2Fwp%2Fv2%2Ftags&post=7582"}],"curies":[{"name":"wp","href":"https:\/\/api.w.org\/{rel}","templated":true}]}}