{"id":7576,"date":"2023-08-27T11:00:53","date_gmt":"2023-08-27T09:00:53","guid":{"rendered":"https:\/\/www.lacgtmontreuil.fr\/?p=7576"},"modified":"2023-08-27T11:05:06","modified_gmt":"2023-08-27T09:05:06","slug":"je-tu-ul-n446-contre-les-dommages-dadoma","status":"publish","type":"post","link":"https:\/\/www.lacgtmontreuil.fr\/?p=7576","title":{"rendered":"Je, Tu, UL n\u00b0446 &#8211; CONTRE LES DOMMAGES D\u2019ADOMA"},"content":{"rendered":"\n<p>73, rue Edouard Branly\u00a0\u2013\u00a0Les r\u00e9sidents du foyer Branly d\u2019ADOMA exigent d\u2019\u00eatre respect\u00e9s par le bailleur, filiale de la Caisse des D\u00e9p\u00f4ts et Consignations, sur le plan de reconstruction pr\u00e9vu en 2024. Vendredi 11 ao\u00fbt, une centaine de r\u00e9sidents et leurs soutiens ont manifest\u00e9 de la Mairie de Montreuil aux portes du foyer : 70 des 193 r\u00e9sidents risquent en effet d\u2019\u00eatre dispers\u00e9s&#8230;\u00a0sans compter les surnum\u00e9raires. Le Comit\u00e9 des R\u00e9sidents exige en cons\u00e9quence un moratoire sur ces travaux engag\u00e9s de force depuis le 30 juin.<\/p>\n","protected":false},"excerpt":{"rendered":"<p>73, rue Edouard Branly\u00a0\u2013\u00a0Les r\u00e9sidents du foyer Branly d\u2019ADOMA exigent d\u2019\u00eatre respect\u00e9s par le bailleur, filiale de la Caisse des D\u00e9p\u00f4ts et Consignations, sur le plan de reconstruction pr\u00e9vu en 2024. Vendredi 11 ao\u00fbt, une centaine de r\u00e9sidents et leurs soutiens ont manifest\u00e9 de la Mairie de Montreuil aux portes du foyer : 70 des &hellip; <\/p>\n","protected":false},"author":19,"featured_media":0,"comment_status":"closed","ping_status":"open","sticky":false,"template":"","format":"standard","meta":{"footnotes":""},"categories":[2],"tags":[],"class_list":{"0":"entry","1":"post","2":"publish","3":"author-sebastien","4":"post-7576","6":"format-standard","7":"category-je-tu-ul"},"_links":{"self":[{"href":"https:\/\/www.lacgtmontreuil.fr\/index.php?rest_route=\/wp\/v2\/posts\/7576","targetHints":{"allow":["GET"]}}],"collection":[{"href":"https:\/\/www.lacgtmontreuil.fr\/index.php?rest_route=\/wp\/v2\/posts"}],"about":[{"href":"https:\/\/www.lacgtmontreuil.fr\/index.php?rest_route=\/wp\/v2\/types\/post"}],"author":[{"embeddable":true,"href":"https:\/\/www.lacgtmontreuil.fr\/index.php?rest_route=\/wp\/v2\/users\/19"}],"replies":[{"embeddable":true,"href":"https:\/\/www.lacgtmontreuil.fr\/index.php?rest_route=%2Fwp%2Fv2%2Fcomments&post=7576"}],"version-history":[{"count":1,"href":"https:\/\/www.lacgtmontreuil.fr\/index.php?rest_route=\/wp\/v2\/posts\/7576\/revisions"}],"predecessor-version":[{"id":7579,"href":"https:\/\/www.lacgtmontreuil.fr\/index.php?rest_route=\/wp\/v2\/posts\/7576\/revisions\/7579"}],"wp:attachment":[{"href":"https:\/\/www.lacgtmontreuil.fr\/index.php?rest_route=%2Fwp%2Fv2%2Fmedia&parent=7576"}],"wp:term":[{"taxonomy":"category","embeddable":true,"href":"https:\/\/www.lacgtmontreuil.fr\/index.php?rest_route=%2Fwp%2Fv2%2Fcategories&post=7576"},{"taxonomy":"post_tag","embeddable":true,"href":"https:\/\/www.lacgtmontreuil.fr\/index.php?rest_route=%2Fwp%2Fv2%2Ftags&post=7576"}],"curies":[{"name":"wp","href":"https:\/\/api.w.org\/{rel}","templated":true}]}}