{"id":7570,"date":"2023-08-27T11:00:45","date_gmt":"2023-08-27T09:00:45","guid":{"rendered":"https:\/\/www.lacgtmontreuil.fr\/?p=7570"},"modified":"2023-08-27T11:05:41","modified_gmt":"2023-08-27T09:05:41","slug":"je-tu-ul-n446-participe-present","status":"publish","type":"post","link":"https:\/\/www.lacgtmontreuil.fr\/?p=7570","title":{"rendered":"Je, Tu, UL n\u00b0446 \u2013 PARTICIPE PRESENT"},"content":{"rendered":"\n<p>274, rue de Rosny\u00a0\u2013\u00a0Chez LP ART, premi\u00e8re entreprise de transports routiers \u00e0 Montreuil, la CGT (majoritaire \u00e0 elle-seule) vient de signer un accord sur la participation, avec effet r\u00e9troactif au 1er\u00a0janvier 2023. Un compl\u00e9ment de revenu appr\u00e9ciable pour les chauffeurs qualifi\u00e9s comme \u00ab installateurs d\u2019art \u00bb afin d\u2019\u00e9chapper aux grilles indiciaires de la convention collective, et un retour symbolique sur la richesse cr\u00e9\u00e9e par cette entreprise particuli\u00e8rement profitable.<\/p>\n","protected":false},"excerpt":{"rendered":"<p>274, rue de Rosny\u00a0\u2013\u00a0Chez LP ART, premi\u00e8re entreprise de transports routiers \u00e0 Montreuil, la CGT (majoritaire \u00e0 elle-seule) vient de signer un accord sur la participation, avec effet r\u00e9troactif au 1er\u00a0janvier 2023. Un compl\u00e9ment de revenu appr\u00e9ciable pour les chauffeurs qualifi\u00e9s comme \u00ab installateurs d\u2019art \u00bb afin d\u2019\u00e9chapper aux grilles indiciaires de la convention collective, &hellip; <\/p>\n","protected":false},"author":19,"featured_media":0,"comment_status":"closed","ping_status":"open","sticky":false,"template":"","format":"standard","meta":{"footnotes":""},"categories":[2],"tags":[],"class_list":{"0":"entry","1":"post","2":"publish","3":"author-sebastien","4":"post-7570","6":"format-standard","7":"category-je-tu-ul"},"_links":{"self":[{"href":"https:\/\/www.lacgtmontreuil.fr\/index.php?rest_route=\/wp\/v2\/posts\/7570","targetHints":{"allow":["GET"]}}],"collection":[{"href":"https:\/\/www.lacgtmontreuil.fr\/index.php?rest_route=\/wp\/v2\/posts"}],"about":[{"href":"https:\/\/www.lacgtmontreuil.fr\/index.php?rest_route=\/wp\/v2\/types\/post"}],"author":[{"embeddable":true,"href":"https:\/\/www.lacgtmontreuil.fr\/index.php?rest_route=\/wp\/v2\/users\/19"}],"replies":[{"embeddable":true,"href":"https:\/\/www.lacgtmontreuil.fr\/index.php?rest_route=%2Fwp%2Fv2%2Fcomments&post=7570"}],"version-history":[{"count":1,"href":"https:\/\/www.lacgtmontreuil.fr\/index.php?rest_route=\/wp\/v2\/posts\/7570\/revisions"}],"predecessor-version":[{"id":7573,"href":"https:\/\/www.lacgtmontreuil.fr\/index.php?rest_route=\/wp\/v2\/posts\/7570\/revisions\/7573"}],"wp:attachment":[{"href":"https:\/\/www.lacgtmontreuil.fr\/index.php?rest_route=%2Fwp%2Fv2%2Fmedia&parent=7570"}],"wp:term":[{"taxonomy":"category","embeddable":true,"href":"https:\/\/www.lacgtmontreuil.fr\/index.php?rest_route=%2Fwp%2Fv2%2Fcategories&post=7570"},{"taxonomy":"post_tag","embeddable":true,"href":"https:\/\/www.lacgtmontreuil.fr\/index.php?rest_route=%2Fwp%2Fv2%2Ftags&post=7570"}],"curies":[{"name":"wp","href":"https:\/\/api.w.org\/{rel}","templated":true}]}}