{"id":7564,"date":"2023-08-27T10:52:54","date_gmt":"2023-08-27T08:52:54","guid":{"rendered":"https:\/\/www.lacgtmontreuil.fr\/?p=7564"},"modified":"2023-08-27T10:52:55","modified_gmt":"2023-08-27T08:52:55","slug":"je-tu-ul-n446-le-casting-de-caritas","status":"publish","type":"post","link":"https:\/\/www.lacgtmontreuil.fr\/?p=7564","title":{"rendered":"Je, Tu, UL n\u00b0446 \u2013 LE CASTING DE CARITAS"},"content":{"rendered":"\n<p><strong> <\/strong>2, rue de l\u2019Aqueduc\u00a0\u2013\u00a0Aux CITES CARITAS, la CGT continue de se restructurer en vue des \u00e9lections professionnelles pr\u00e9vues en fin d\u2019ann\u00e9e. C\u2019est donc une nouvelle camarade, Sonia FAHDI, qui vient d\u2019\u00eatre d\u00e9sign\u00e9e comme repr\u00e9sentante syndicale CGT aupr\u00e8s du CSE. A point nomm\u00e9, puisque la direction entend inscrire \u00e0 l\u2019ordre du jour de la prochaine r\u00e9union de l\u2019instance un rapport \u00e0 charge contre son service.<\/p>\n","protected":false},"excerpt":{"rendered":"<p>2, rue de l\u2019Aqueduc\u00a0\u2013\u00a0Aux CITES CARITAS, la CGT continue de se restructurer en vue des \u00e9lections professionnelles pr\u00e9vues en fin d\u2019ann\u00e9e. C\u2019est donc une nouvelle camarade, Sonia FAHDI, qui vient d\u2019\u00eatre d\u00e9sign\u00e9e comme repr\u00e9sentante syndicale CGT aupr\u00e8s du CSE. A point nomm\u00e9, puisque la direction entend inscrire \u00e0 l\u2019ordre du jour de la prochaine r\u00e9union &hellip; <\/p>\n","protected":false},"author":19,"featured_media":0,"comment_status":"closed","ping_status":"open","sticky":false,"template":"","format":"standard","meta":{"footnotes":""},"categories":[2],"tags":[],"class_list":{"0":"entry","1":"post","2":"publish","3":"author-sebastien","4":"post-7564","6":"format-standard","7":"category-je-tu-ul"},"_links":{"self":[{"href":"https:\/\/www.lacgtmontreuil.fr\/index.php?rest_route=\/wp\/v2\/posts\/7564","targetHints":{"allow":["GET"]}}],"collection":[{"href":"https:\/\/www.lacgtmontreuil.fr\/index.php?rest_route=\/wp\/v2\/posts"}],"about":[{"href":"https:\/\/www.lacgtmontreuil.fr\/index.php?rest_route=\/wp\/v2\/types\/post"}],"author":[{"embeddable":true,"href":"https:\/\/www.lacgtmontreuil.fr\/index.php?rest_route=\/wp\/v2\/users\/19"}],"replies":[{"embeddable":true,"href":"https:\/\/www.lacgtmontreuil.fr\/index.php?rest_route=%2Fwp%2Fv2%2Fcomments&post=7564"}],"version-history":[{"count":1,"href":"https:\/\/www.lacgtmontreuil.fr\/index.php?rest_route=\/wp\/v2\/posts\/7564\/revisions"}],"predecessor-version":[{"id":7567,"href":"https:\/\/www.lacgtmontreuil.fr\/index.php?rest_route=\/wp\/v2\/posts\/7564\/revisions\/7567"}],"wp:attachment":[{"href":"https:\/\/www.lacgtmontreuil.fr\/index.php?rest_route=%2Fwp%2Fv2%2Fmedia&parent=7564"}],"wp:term":[{"taxonomy":"category","embeddable":true,"href":"https:\/\/www.lacgtmontreuil.fr\/index.php?rest_route=%2Fwp%2Fv2%2Fcategories&post=7564"},{"taxonomy":"post_tag","embeddable":true,"href":"https:\/\/www.lacgtmontreuil.fr\/index.php?rest_route=%2Fwp%2Fv2%2Ftags&post=7564"}],"curies":[{"name":"wp","href":"https:\/\/api.w.org\/{rel}","templated":true}]}}