{"id":7528,"date":"2023-06-30T13:10:00","date_gmt":"2023-06-30T11:10:00","guid":{"rendered":"https:\/\/www.lacgtmontreuil.fr\/?p=7528"},"modified":"2023-09-11T12:16:55","modified_gmt":"2023-09-11T10:16:55","slug":"je-tu-ul-n443-nisse-sans-les-anglais","status":"publish","type":"post","link":"https:\/\/www.lacgtmontreuil.fr\/?p=7528","title":{"rendered":"Je, Tu, UL n\u00b0443 &#8211; NISSE SANS LES ANGLAIS"},"content":{"rendered":"\n<p>80, rue de Paris&nbsp;\u2013&nbsp;La soci\u00e9t\u00e9 <strong>NISSE <\/strong>sous-traite la m\u00e9diation sociale pour de grandes structures associatives de l\u2019aide sociale. Avec cette particularit\u00e9 : la quasi-totalit\u00e9 du personnel a \u00e9t\u00e9 recrut\u00e9 avec de faux titres de s\u00e9jour europ\u00e9ens. Suite \u00e0 la tentative de meurtre de l\u2019un de ces m\u00e9diateurs, la soci\u00e9t\u00e9 pr\u00e9tend d\u00e9couvrir, par suite d\u2019une \u00ab d\u00e9nonciation \u00bb, le statut irr\u00e9gulier de dizaines de ses salari\u00e9s ! Pour les conseillers du salari\u00e9 qui, le 14 juin, assistaient ceux dont NISSE (et ses soci\u00e9t\u00e9s&nbsp;s\u0153urs&nbsp;telles que TOIT DU PHOENIX) voudrait se d\u00e9barrasser \u00e0 bas bruit, le choix de l\u2019employeur se r\u00e9sume \u00e0 : n\u00e9gocier les r\u00e9gularisations ou rendre des comptes \u00e0 la justice.<\/p>\n","protected":false},"excerpt":{"rendered":"<p>80, rue de Paris&nbsp;\u2013&nbsp;La soci\u00e9t\u00e9 NISSE sous-traite la m\u00e9diation sociale pour de grandes structures associatives de l\u2019aide sociale. Avec cette particularit\u00e9 : la quasi-totalit\u00e9 du personnel a \u00e9t\u00e9 recrut\u00e9 avec de faux titres de s\u00e9jour europ\u00e9ens. Suite \u00e0 la tentative de meurtre de l\u2019un de ces m\u00e9diateurs, la soci\u00e9t\u00e9 pr\u00e9tend d\u00e9couvrir, par suite d\u2019une \u00ab &hellip; <\/p>\n","protected":false},"author":1,"featured_media":0,"comment_status":"closed","ping_status":"open","sticky":false,"template":"","format":"standard","meta":{"footnotes":""},"categories":[2],"tags":[],"class_list":{"0":"entry","1":"post","2":"publish","3":"author-ulmontreuil","4":"post-7528","6":"format-standard","7":"category-je-tu-ul"},"_links":{"self":[{"href":"https:\/\/www.lacgtmontreuil.fr\/index.php?rest_route=\/wp\/v2\/posts\/7528","targetHints":{"allow":["GET"]}}],"collection":[{"href":"https:\/\/www.lacgtmontreuil.fr\/index.php?rest_route=\/wp\/v2\/posts"}],"about":[{"href":"https:\/\/www.lacgtmontreuil.fr\/index.php?rest_route=\/wp\/v2\/types\/post"}],"author":[{"embeddable":true,"href":"https:\/\/www.lacgtmontreuil.fr\/index.php?rest_route=\/wp\/v2\/users\/1"}],"replies":[{"embeddable":true,"href":"https:\/\/www.lacgtmontreuil.fr\/index.php?rest_route=%2Fwp%2Fv2%2Fcomments&post=7528"}],"version-history":[{"count":2,"href":"https:\/\/www.lacgtmontreuil.fr\/index.php?rest_route=\/wp\/v2\/posts\/7528\/revisions"}],"predecessor-version":[{"id":7973,"href":"https:\/\/www.lacgtmontreuil.fr\/index.php?rest_route=\/wp\/v2\/posts\/7528\/revisions\/7973"}],"wp:attachment":[{"href":"https:\/\/www.lacgtmontreuil.fr\/index.php?rest_route=%2Fwp%2Fv2%2Fmedia&parent=7528"}],"wp:term":[{"taxonomy":"category","embeddable":true,"href":"https:\/\/www.lacgtmontreuil.fr\/index.php?rest_route=%2Fwp%2Fv2%2Fcategories&post=7528"},{"taxonomy":"post_tag","embeddable":true,"href":"https:\/\/www.lacgtmontreuil.fr\/index.php?rest_route=%2Fwp%2Fv2%2Ftags&post=7528"}],"curies":[{"name":"wp","href":"https:\/\/api.w.org\/{rel}","templated":true}]}}