{"id":7522,"date":"2023-06-30T13:09:00","date_gmt":"2023-06-30T11:09:00","guid":{"rendered":"https:\/\/www.lacgtmontreuil.fr\/?p=7522"},"modified":"2023-09-11T12:17:38","modified_gmt":"2023-09-11T10:17:38","slug":"je-tu-ul-n443-quand-lurssaf-controle-attal","status":"publish","type":"post","link":"https:\/\/www.lacgtmontreuil.fr\/?p=7522","title":{"rendered":"Je, Tu, UL n\u00b0443 &#8211; QUAND L\u2019URSSAF CONTR\u00d4LE ATTAL"},"content":{"rendered":"\n<p>22-24, rue de Lagny&nbsp;\u2013&nbsp;A l\u2019<strong>URSSAF<\/strong>, la mobilisation des inspecteurs du recouvrement se poursuit avec l\u2019objectif, mercredi prochain, d\u2019interpeler le Minist\u00e8re de tutelle puis, autour d\u2019un barbecue devant l\u2019UNCANSS, de d\u00e9poser une couronne fun\u00e9raire en m\u00e9moire \u00e0 feue la \u00ab politique de lutte contre la fraude \u00bb de Gabriel ATTAL, enterr\u00e9e mort-n\u00e9e faute de moyens humains pour la mener. Les inspecteurs de l\u2019URSSAF r\u00e9clament en effet la prise en compte de l\u2019\u00e9largissement et des transformations de leurs missions et la fluidit\u00e9 des changements au niveau professionnel.<\/p>\n","protected":false},"excerpt":{"rendered":"<p>22-24, rue de Lagny&nbsp;\u2013&nbsp;A l\u2019URSSAF, la mobilisation des inspecteurs du recouvrement se poursuit avec l\u2019objectif, mercredi prochain, d\u2019interpeler le Minist\u00e8re de tutelle puis, autour d\u2019un barbecue devant l\u2019UNCANSS, de d\u00e9poser une couronne fun\u00e9raire en m\u00e9moire \u00e0 feue la \u00ab politique de lutte contre la fraude \u00bb de Gabriel ATTAL, enterr\u00e9e mort-n\u00e9e faute de moyens humains &hellip; <\/p>\n","protected":false},"author":1,"featured_media":0,"comment_status":"closed","ping_status":"open","sticky":false,"template":"","format":"standard","meta":{"footnotes":""},"categories":[2],"tags":[],"class_list":{"0":"entry","1":"post","2":"publish","3":"author-ulmontreuil","4":"post-7522","6":"format-standard","7":"category-je-tu-ul"},"_links":{"self":[{"href":"https:\/\/www.lacgtmontreuil.fr\/index.php?rest_route=\/wp\/v2\/posts\/7522","targetHints":{"allow":["GET"]}}],"collection":[{"href":"https:\/\/www.lacgtmontreuil.fr\/index.php?rest_route=\/wp\/v2\/posts"}],"about":[{"href":"https:\/\/www.lacgtmontreuil.fr\/index.php?rest_route=\/wp\/v2\/types\/post"}],"author":[{"embeddable":true,"href":"https:\/\/www.lacgtmontreuil.fr\/index.php?rest_route=\/wp\/v2\/users\/1"}],"replies":[{"embeddable":true,"href":"https:\/\/www.lacgtmontreuil.fr\/index.php?rest_route=%2Fwp%2Fv2%2Fcomments&post=7522"}],"version-history":[{"count":2,"href":"https:\/\/www.lacgtmontreuil.fr\/index.php?rest_route=\/wp\/v2\/posts\/7522\/revisions"}],"predecessor-version":[{"id":8000,"href":"https:\/\/www.lacgtmontreuil.fr\/index.php?rest_route=\/wp\/v2\/posts\/7522\/revisions\/8000"}],"wp:attachment":[{"href":"https:\/\/www.lacgtmontreuil.fr\/index.php?rest_route=%2Fwp%2Fv2%2Fmedia&parent=7522"}],"wp:term":[{"taxonomy":"category","embeddable":true,"href":"https:\/\/www.lacgtmontreuil.fr\/index.php?rest_route=%2Fwp%2Fv2%2Fcategories&post=7522"},{"taxonomy":"post_tag","embeddable":true,"href":"https:\/\/www.lacgtmontreuil.fr\/index.php?rest_route=%2Fwp%2Fv2%2Ftags&post=7522"}],"curies":[{"name":"wp","href":"https:\/\/api.w.org\/{rel}","templated":true}]}}