{"id":7510,"date":"2023-06-15T13:07:00","date_gmt":"2023-06-15T11:07:00","guid":{"rendered":"https:\/\/www.lacgtmontreuil.fr\/?p=7510"},"modified":"2023-09-11T12:17:44","modified_gmt":"2023-09-11T10:17:44","slug":"je-tu-ul-n442-negocier-nest-pas-jouer","status":"publish","type":"post","link":"https:\/\/www.lacgtmontreuil.fr\/?p=7510","title":{"rendered":"Je, Tu, UL n\u00b0442 &#8211; N\u00c9GOCIER N\u2019EST PAS JOUER"},"content":{"rendered":"\n<p>105, boulevard Chanzy&nbsp;\u2013&nbsp;Chez <strong>INTERLOGEMENT 93<\/strong>, la n\u00e9gociation annuelle a mal commenc\u00e9. Avec le 8 juin une r\u00e9union pour rien : ni document, ni interlocuteur qualifi\u00e9 pour recevoir les d\u00e9l\u00e9gations syndicales CGT et CFDT. Un m\u00e9pris qui a aussit\u00f4t fait r\u00e9agir les 2 organisations.<\/p>\n","protected":false},"excerpt":{"rendered":"<p>105, boulevard Chanzy&nbsp;\u2013&nbsp;Chez INTERLOGEMENT 93, la n\u00e9gociation annuelle a mal commenc\u00e9. Avec le 8 juin une r\u00e9union pour rien : ni document, ni interlocuteur qualifi\u00e9 pour recevoir les d\u00e9l\u00e9gations syndicales CGT et CFDT. Un m\u00e9pris qui a aussit\u00f4t fait r\u00e9agir les 2 organisations.<\/p>\n","protected":false},"author":1,"featured_media":0,"comment_status":"closed","ping_status":"open","sticky":false,"template":"","format":"standard","meta":{"footnotes":""},"categories":[2],"tags":[],"class_list":{"0":"entry","1":"post","2":"publish","3":"author-ulmontreuil","4":"post-7510","6":"format-standard","7":"category-je-tu-ul"},"_links":{"self":[{"href":"https:\/\/www.lacgtmontreuil.fr\/index.php?rest_route=\/wp\/v2\/posts\/7510","targetHints":{"allow":["GET"]}}],"collection":[{"href":"https:\/\/www.lacgtmontreuil.fr\/index.php?rest_route=\/wp\/v2\/posts"}],"about":[{"href":"https:\/\/www.lacgtmontreuil.fr\/index.php?rest_route=\/wp\/v2\/types\/post"}],"author":[{"embeddable":true,"href":"https:\/\/www.lacgtmontreuil.fr\/index.php?rest_route=\/wp\/v2\/users\/1"}],"replies":[{"embeddable":true,"href":"https:\/\/www.lacgtmontreuil.fr\/index.php?rest_route=%2Fwp%2Fv2%2Fcomments&post=7510"}],"version-history":[{"count":2,"href":"https:\/\/www.lacgtmontreuil.fr\/index.php?rest_route=\/wp\/v2\/posts\/7510\/revisions"}],"predecessor-version":[{"id":8006,"href":"https:\/\/www.lacgtmontreuil.fr\/index.php?rest_route=\/wp\/v2\/posts\/7510\/revisions\/8006"}],"wp:attachment":[{"href":"https:\/\/www.lacgtmontreuil.fr\/index.php?rest_route=%2Fwp%2Fv2%2Fmedia&parent=7510"}],"wp:term":[{"taxonomy":"category","embeddable":true,"href":"https:\/\/www.lacgtmontreuil.fr\/index.php?rest_route=%2Fwp%2Fv2%2Fcategories&post=7510"},{"taxonomy":"post_tag","embeddable":true,"href":"https:\/\/www.lacgtmontreuil.fr\/index.php?rest_route=%2Fwp%2Fv2%2Ftags&post=7510"}],"curies":[{"name":"wp","href":"https:\/\/api.w.org\/{rel}","templated":true}]}}