{"id":7504,"date":"2023-06-15T13:05:00","date_gmt":"2023-06-15T11:05:00","guid":{"rendered":"https:\/\/www.lacgtmontreuil.fr\/?p=7504"},"modified":"2023-09-11T12:17:47","modified_gmt":"2023-09-11T10:17:47","slug":"je-tu-ul-n442-nouveaux-syndiques","status":"publish","type":"post","link":"https:\/\/www.lacgtmontreuil.fr\/?p=7504","title":{"rendered":"Je, Tu, UL n\u00b0442 &#8211; NOUVEAUX SYNDIQU\u00c8S"},"content":{"rendered":"\n<p>157, rue de la Nouvelle France&nbsp;\u2013&nbsp;<strong>TRANSPORT CLASSE AFFAIRE (TCA)<\/strong> va organiser ses premi\u00e8res \u00e9lections professionnelles pour ses 61 salari\u00e9-e-s&#8230;&nbsp;Les adh\u00e9sions nouvelles \u00e0 la CGT suscitent aussi de nouvelles vocations, avec une liste CGT de 4 titulaires conduite par notre camarade S\u00e9kou COULIBALY, pour un 1er&nbsp;tour pr\u00e9vu le 19 juin prochain.<\/p>\n","protected":false},"excerpt":{"rendered":"<p>157, rue de la Nouvelle France&nbsp;\u2013&nbsp;TRANSPORT CLASSE AFFAIRE (TCA) va organiser ses premi\u00e8res \u00e9lections professionnelles pour ses 61 salari\u00e9-e-s&#8230;&nbsp;Les adh\u00e9sions nouvelles \u00e0 la CGT suscitent aussi de nouvelles vocations, avec une liste CGT de 4 titulaires conduite par notre camarade S\u00e9kou COULIBALY, pour un 1er&nbsp;tour pr\u00e9vu le 19 juin prochain.<\/p>\n","protected":false},"author":1,"featured_media":0,"comment_status":"closed","ping_status":"open","sticky":false,"template":"","format":"standard","meta":{"footnotes":""},"categories":[2],"tags":[],"class_list":{"0":"entry","1":"post","2":"publish","3":"author-ulmontreuil","4":"post-7504","6":"format-standard","7":"category-je-tu-ul"},"_links":{"self":[{"href":"https:\/\/www.lacgtmontreuil.fr\/index.php?rest_route=\/wp\/v2\/posts\/7504","targetHints":{"allow":["GET"]}}],"collection":[{"href":"https:\/\/www.lacgtmontreuil.fr\/index.php?rest_route=\/wp\/v2\/posts"}],"about":[{"href":"https:\/\/www.lacgtmontreuil.fr\/index.php?rest_route=\/wp\/v2\/types\/post"}],"author":[{"embeddable":true,"href":"https:\/\/www.lacgtmontreuil.fr\/index.php?rest_route=\/wp\/v2\/users\/1"}],"replies":[{"embeddable":true,"href":"https:\/\/www.lacgtmontreuil.fr\/index.php?rest_route=%2Fwp%2Fv2%2Fcomments&post=7504"}],"version-history":[{"count":2,"href":"https:\/\/www.lacgtmontreuil.fr\/index.php?rest_route=\/wp\/v2\/posts\/7504\/revisions"}],"predecessor-version":[{"id":8009,"href":"https:\/\/www.lacgtmontreuil.fr\/index.php?rest_route=\/wp\/v2\/posts\/7504\/revisions\/8009"}],"wp:attachment":[{"href":"https:\/\/www.lacgtmontreuil.fr\/index.php?rest_route=%2Fwp%2Fv2%2Fmedia&parent=7504"}],"wp:term":[{"taxonomy":"category","embeddable":true,"href":"https:\/\/www.lacgtmontreuil.fr\/index.php?rest_route=%2Fwp%2Fv2%2Fcategories&post=7504"},{"taxonomy":"post_tag","embeddable":true,"href":"https:\/\/www.lacgtmontreuil.fr\/index.php?rest_route=%2Fwp%2Fv2%2Ftags&post=7504"}],"curies":[{"name":"wp","href":"https:\/\/api.w.org\/{rel}","templated":true}]}}