{"id":7492,"date":"2023-06-15T13:04:00","date_gmt":"2023-06-15T11:04:00","guid":{"rendered":"https:\/\/www.lacgtmontreuil.fr\/?p=7492"},"modified":"2023-09-11T12:17:51","modified_gmt":"2023-09-11T10:17:51","slug":"je-tu-ul-n442-fins-de-carriere-plutot-que-retraite","status":"publish","type":"post","link":"https:\/\/www.lacgtmontreuil.fr\/?p=7492","title":{"rendered":"Je, Tu, UL n\u00b0442 &#8211; FINS DE CARRI\u00c8RE PLUT\u00d4T QUE RETRAITE"},"content":{"rendered":"\n<p>280, rue de Paris&nbsp;\u2013&nbsp;La retraite des morts promulgu\u00e9e,<strong> CARREFOUR <\/strong>acc\u00e9l\u00e8re les n\u00e9gociations pour d\u00e9velopper les \u00ab cong\u00e9s fin de carri\u00e8re \u00bb, alors que la mise en location-g\u00e9rance des magasins comme celui de la Grande Porte, vise \u00e0 accro\u00eetre les sous-effectifs. Devenu PACYL 3, l\u2019hypermarch\u00e9 de Montreuil voit ainsi son personnel \u00e9cr\u00eat\u00e9 par des mesures d\u2019\u00e2ge, des pressions pour des d\u00e9parts \u00ab volontaires \u00bb ou des d\u00e9missions, et l\u2019explosion des longues maladies.<\/p>\n","protected":false},"excerpt":{"rendered":"<p>280, rue de Paris&nbsp;\u2013&nbsp;La retraite des morts promulgu\u00e9e, CARREFOUR acc\u00e9l\u00e8re les n\u00e9gociations pour d\u00e9velopper les \u00ab cong\u00e9s fin de carri\u00e8re \u00bb, alors que la mise en location-g\u00e9rance des magasins comme celui de la Grande Porte, vise \u00e0 accro\u00eetre les sous-effectifs. Devenu PACYL 3, l\u2019hypermarch\u00e9 de Montreuil voit ainsi son personnel \u00e9cr\u00eat\u00e9 par des mesures d\u2019\u00e2ge, &hellip; <\/p>\n","protected":false},"author":1,"featured_media":0,"comment_status":"closed","ping_status":"open","sticky":false,"template":"","format":"standard","meta":{"footnotes":""},"categories":[2],"tags":[],"class_list":{"0":"entry","1":"post","2":"publish","3":"author-ulmontreuil","4":"post-7492","6":"format-standard","7":"category-je-tu-ul"},"_links":{"self":[{"href":"https:\/\/www.lacgtmontreuil.fr\/index.php?rest_route=\/wp\/v2\/posts\/7492","targetHints":{"allow":["GET"]}}],"collection":[{"href":"https:\/\/www.lacgtmontreuil.fr\/index.php?rest_route=\/wp\/v2\/posts"}],"about":[{"href":"https:\/\/www.lacgtmontreuil.fr\/index.php?rest_route=\/wp\/v2\/types\/post"}],"author":[{"embeddable":true,"href":"https:\/\/www.lacgtmontreuil.fr\/index.php?rest_route=\/wp\/v2\/users\/1"}],"replies":[{"embeddable":true,"href":"https:\/\/www.lacgtmontreuil.fr\/index.php?rest_route=%2Fwp%2Fv2%2Fcomments&post=7492"}],"version-history":[{"count":2,"href":"https:\/\/www.lacgtmontreuil.fr\/index.php?rest_route=\/wp\/v2\/posts\/7492\/revisions"}],"predecessor-version":[{"id":8015,"href":"https:\/\/www.lacgtmontreuil.fr\/index.php?rest_route=\/wp\/v2\/posts\/7492\/revisions\/8015"}],"wp:attachment":[{"href":"https:\/\/www.lacgtmontreuil.fr\/index.php?rest_route=%2Fwp%2Fv2%2Fmedia&parent=7492"}],"wp:term":[{"taxonomy":"category","embeddable":true,"href":"https:\/\/www.lacgtmontreuil.fr\/index.php?rest_route=%2Fwp%2Fv2%2Fcategories&post=7492"},{"taxonomy":"post_tag","embeddable":true,"href":"https:\/\/www.lacgtmontreuil.fr\/index.php?rest_route=%2Fwp%2Fv2%2Ftags&post=7492"}],"curies":[{"name":"wp","href":"https:\/\/api.w.org\/{rel}","templated":true}]}}