{"id":7486,"date":"2023-06-15T13:03:00","date_gmt":"2023-06-15T11:03:00","guid":{"rendered":"https:\/\/www.lacgtmontreuil.fr\/?p=7486"},"modified":"2023-09-11T12:15:52","modified_gmt":"2023-09-11T10:15:52","slug":"je-tu-ul-n442-aux-nouveaux-liquidateurs","status":"publish","type":"post","link":"https:\/\/www.lacgtmontreuil.fr\/?p=7486","title":{"rendered":"Je, Tu, UL n\u00b0442 &#8211; AUX NOUVEAUX LIQUIDATEURS"},"content":{"rendered":"\n<p>66-72, rue Marceau&nbsp;\u2013&nbsp;<strong>Aux NOUVEAUX ROBINSON<\/strong>, l\u2019histoire bafouille. Apr\u00e8s le cong\u00e9diement le 1er&nbsp;juin du liquidateur \u00ab amiable \u00bb d\u00e9sign\u00e9 par la coop\u00e9rative, c\u2019est l\u2019administrateur judiciaire d\u00e9sign\u00e9 le 30 mai par le Tribunal de Commerce qui sollicite la liquidation cet \u00e9t\u00e9 de l\u2019entreprise&#8230;ou de ce qu\u2019il en reste ! A nouveau, ce sont nos camarades Dorine MPOULI et Annie PASZKIEWICZ qui repr\u00e9senteront les int\u00e9r\u00eats du personnel aupr\u00e8s des organes de la proc\u00e9dure.<\/p>\n","protected":false},"excerpt":{"rendered":"<p>66-72, rue Marceau&nbsp;\u2013&nbsp;Aux NOUVEAUX ROBINSON, l\u2019histoire bafouille. Apr\u00e8s le cong\u00e9diement le 1er&nbsp;juin du liquidateur \u00ab amiable \u00bb d\u00e9sign\u00e9 par la coop\u00e9rative, c\u2019est l\u2019administrateur judiciaire d\u00e9sign\u00e9 le 30 mai par le Tribunal de Commerce qui sollicite la liquidation cet \u00e9t\u00e9 de l\u2019entreprise&#8230;ou de ce qu\u2019il en reste ! A nouveau, ce sont nos camarades Dorine MPOULI &hellip; <\/p>\n","protected":false},"author":1,"featured_media":0,"comment_status":"closed","ping_status":"open","sticky":false,"template":"","format":"standard","meta":{"footnotes":""},"categories":[2],"tags":[],"class_list":{"0":"entry","1":"post","2":"publish","3":"author-ulmontreuil","4":"post-7486","6":"format-standard","7":"category-je-tu-ul"},"_links":{"self":[{"href":"https:\/\/www.lacgtmontreuil.fr\/index.php?rest_route=\/wp\/v2\/posts\/7486","targetHints":{"allow":["GET"]}}],"collection":[{"href":"https:\/\/www.lacgtmontreuil.fr\/index.php?rest_route=\/wp\/v2\/posts"}],"about":[{"href":"https:\/\/www.lacgtmontreuil.fr\/index.php?rest_route=\/wp\/v2\/types\/post"}],"author":[{"embeddable":true,"href":"https:\/\/www.lacgtmontreuil.fr\/index.php?rest_route=\/wp\/v2\/users\/1"}],"replies":[{"embeddable":true,"href":"https:\/\/www.lacgtmontreuil.fr\/index.php?rest_route=%2Fwp%2Fv2%2Fcomments&post=7486"}],"version-history":[{"count":2,"href":"https:\/\/www.lacgtmontreuil.fr\/index.php?rest_route=\/wp\/v2\/posts\/7486\/revisions"}],"predecessor-version":[{"id":7970,"href":"https:\/\/www.lacgtmontreuil.fr\/index.php?rest_route=\/wp\/v2\/posts\/7486\/revisions\/7970"}],"wp:attachment":[{"href":"https:\/\/www.lacgtmontreuil.fr\/index.php?rest_route=%2Fwp%2Fv2%2Fmedia&parent=7486"}],"wp:term":[{"taxonomy":"category","embeddable":true,"href":"https:\/\/www.lacgtmontreuil.fr\/index.php?rest_route=%2Fwp%2Fv2%2Fcategories&post=7486"},{"taxonomy":"post_tag","embeddable":true,"href":"https:\/\/www.lacgtmontreuil.fr\/index.php?rest_route=%2Fwp%2Fv2%2Ftags&post=7486"}],"curies":[{"name":"wp","href":"https:\/\/api.w.org\/{rel}","templated":true}]}}