{"id":7480,"date":"2023-06-15T13:02:00","date_gmt":"2023-06-15T11:02:00","guid":{"rendered":"https:\/\/www.lacgtmontreuil.fr\/?p=7480"},"modified":"2023-09-11T12:17:54","modified_gmt":"2023-09-11T10:17:54","slug":"je-tu-ul-n442-les-barbecues-sont-de-retour","status":"publish","type":"post","link":"https:\/\/www.lacgtmontreuil.fr\/?p=7480","title":{"rendered":"Je, Tu, UL n\u00b0442 &#8211; LES BARBECUES SONT DE RETOUR"},"content":{"rendered":"\n<p>Place Jean Jaur\u00e8s&nbsp;\u2013&nbsp;Devant la MAIRIE, la CGT des Territoriaux rassemblait les contestations, vendredi 9 juin \u00e0 midi. Pr\u00e8s de 200 agents territoriaux, rejoints par les r\u00e9sidents surnum\u00e9raires expuls\u00e9s du Foyer Branly, attendaient des r\u00e9ponses \u00e0 leurs revendications autour d\u2019un barbecue de lutte. Pour les agents de la ville, l\u2019alerte porte sur la multiplication des fins de contrat, le syndicat r\u00e9clamant une commission paritaire sur le sujet, et sur les r\u00e9mun\u00e9rations. La CGT revendique le d\u00e9blocage du r\u00e9gime indemnitaire et du tarif de la carte-restaurant, l\u2019attribution de la prime S\u00e9gur aux personnels de sant\u00e9 et la prise en compte des difficult\u00e9s de stationnement. La Municipalit\u00e9 s\u2019est engag\u00e9e sur un prochain rendez-vous.<\/p>\n","protected":false},"excerpt":{"rendered":"<p>Place Jean Jaur\u00e8s&nbsp;\u2013&nbsp;Devant la MAIRIE, la CGT des Territoriaux rassemblait les contestations, vendredi 9 juin \u00e0 midi. Pr\u00e8s de 200 agents territoriaux, rejoints par les r\u00e9sidents surnum\u00e9raires expuls\u00e9s du Foyer Branly, attendaient des r\u00e9ponses \u00e0 leurs revendications autour d\u2019un barbecue de lutte. Pour les agents de la ville, l\u2019alerte porte sur la multiplication des fins &hellip; <\/p>\n","protected":false},"author":1,"featured_media":0,"comment_status":"closed","ping_status":"open","sticky":false,"template":"","format":"standard","meta":{"footnotes":""},"categories":[2],"tags":[],"class_list":{"0":"entry","1":"post","2":"publish","3":"author-ulmontreuil","4":"post-7480","6":"format-standard","7":"category-je-tu-ul"},"_links":{"self":[{"href":"https:\/\/www.lacgtmontreuil.fr\/index.php?rest_route=\/wp\/v2\/posts\/7480","targetHints":{"allow":["GET"]}}],"collection":[{"href":"https:\/\/www.lacgtmontreuil.fr\/index.php?rest_route=\/wp\/v2\/posts"}],"about":[{"href":"https:\/\/www.lacgtmontreuil.fr\/index.php?rest_route=\/wp\/v2\/types\/post"}],"author":[{"embeddable":true,"href":"https:\/\/www.lacgtmontreuil.fr\/index.php?rest_route=\/wp\/v2\/users\/1"}],"replies":[{"embeddable":true,"href":"https:\/\/www.lacgtmontreuil.fr\/index.php?rest_route=%2Fwp%2Fv2%2Fcomments&post=7480"}],"version-history":[{"count":2,"href":"https:\/\/www.lacgtmontreuil.fr\/index.php?rest_route=\/wp\/v2\/posts\/7480\/revisions"}],"predecessor-version":[{"id":8018,"href":"https:\/\/www.lacgtmontreuil.fr\/index.php?rest_route=\/wp\/v2\/posts\/7480\/revisions\/8018"}],"wp:attachment":[{"href":"https:\/\/www.lacgtmontreuil.fr\/index.php?rest_route=%2Fwp%2Fv2%2Fmedia&parent=7480"}],"wp:term":[{"taxonomy":"category","embeddable":true,"href":"https:\/\/www.lacgtmontreuil.fr\/index.php?rest_route=%2Fwp%2Fv2%2Fcategories&post=7480"},{"taxonomy":"post_tag","embeddable":true,"href":"https:\/\/www.lacgtmontreuil.fr\/index.php?rest_route=%2Fwp%2Fv2%2Ftags&post=7480"}],"curies":[{"name":"wp","href":"https:\/\/api.w.org\/{rel}","templated":true}]}}