{"id":7474,"date":"2023-06-01T13:00:00","date_gmt":"2023-06-01T11:00:00","guid":{"rendered":"https:\/\/www.lacgtmontreuil.fr\/?p=7474"},"modified":"2023-09-11T12:17:56","modified_gmt":"2023-09-11T10:17:56","slug":"je-tu-ul-n441-du-nouveau-a-la-nouvelle","status":"publish","type":"post","link":"https:\/\/www.lacgtmontreuil.fr\/?p=7474","title":{"rendered":"Je, Tu, UL n\u00b0441 &#8211; DU NOUVEAU \u00c1 LA NOUVELLE"},"content":{"rendered":"\n<p>263, rue de Paris&nbsp;\u2013&nbsp;A la SA <strong>NOUVELLE LA VIE OUVRIERE<\/strong>, le congr\u00e8s du syndicat CGT multipro a d\u00e9cid\u00e9 de changer de casting. Notre camarade Nathalie CARMENI est \u00e9lue secr\u00e9taire g\u00e9n\u00e9rale et c\u2019est notre camarade Erwan SERVEAU qui la remplace comme d\u00e9l\u00e9gu\u00e9 syndical de l\u2019entreprise de presse de la CGT.<\/p>\n","protected":false},"excerpt":{"rendered":"<p>263, rue de Paris&nbsp;\u2013&nbsp;A la SA NOUVELLE LA VIE OUVRIERE, le congr\u00e8s du syndicat CGT multipro a d\u00e9cid\u00e9 de changer de casting. Notre camarade Nathalie CARMENI est \u00e9lue secr\u00e9taire g\u00e9n\u00e9rale et c\u2019est notre camarade Erwan SERVEAU qui la remplace comme d\u00e9l\u00e9gu\u00e9 syndical de l\u2019entreprise de presse de la CGT.<\/p>\n","protected":false},"author":1,"featured_media":0,"comment_status":"closed","ping_status":"open","sticky":false,"template":"","format":"standard","meta":{"footnotes":""},"categories":[2],"tags":[],"class_list":{"0":"entry","1":"post","2":"publish","3":"author-ulmontreuil","4":"post-7474","6":"format-standard","7":"category-je-tu-ul"},"_links":{"self":[{"href":"https:\/\/www.lacgtmontreuil.fr\/index.php?rest_route=\/wp\/v2\/posts\/7474","targetHints":{"allow":["GET"]}}],"collection":[{"href":"https:\/\/www.lacgtmontreuil.fr\/index.php?rest_route=\/wp\/v2\/posts"}],"about":[{"href":"https:\/\/www.lacgtmontreuil.fr\/index.php?rest_route=\/wp\/v2\/types\/post"}],"author":[{"embeddable":true,"href":"https:\/\/www.lacgtmontreuil.fr\/index.php?rest_route=\/wp\/v2\/users\/1"}],"replies":[{"embeddable":true,"href":"https:\/\/www.lacgtmontreuil.fr\/index.php?rest_route=%2Fwp%2Fv2%2Fcomments&post=7474"}],"version-history":[{"count":2,"href":"https:\/\/www.lacgtmontreuil.fr\/index.php?rest_route=\/wp\/v2\/posts\/7474\/revisions"}],"predecessor-version":[{"id":8021,"href":"https:\/\/www.lacgtmontreuil.fr\/index.php?rest_route=\/wp\/v2\/posts\/7474\/revisions\/8021"}],"wp:attachment":[{"href":"https:\/\/www.lacgtmontreuil.fr\/index.php?rest_route=%2Fwp%2Fv2%2Fmedia&parent=7474"}],"wp:term":[{"taxonomy":"category","embeddable":true,"href":"https:\/\/www.lacgtmontreuil.fr\/index.php?rest_route=%2Fwp%2Fv2%2Fcategories&post=7474"},{"taxonomy":"post_tag","embeddable":true,"href":"https:\/\/www.lacgtmontreuil.fr\/index.php?rest_route=%2Fwp%2Fv2%2Ftags&post=7474"}],"curies":[{"name":"wp","href":"https:\/\/api.w.org\/{rel}","templated":true}]}}