{"id":7462,"date":"2023-06-01T12:59:00","date_gmt":"2023-06-01T10:59:00","guid":{"rendered":"https:\/\/www.lacgtmontreuil.fr\/?p=7462"},"modified":"2023-09-11T12:17:32","modified_gmt":"2023-09-11T10:17:32","slug":"je-tu-ul-n441-vie-syndicale","status":"publish","type":"post","link":"https:\/\/www.lacgtmontreuil.fr\/?p=7462","title":{"rendered":"Je, Tu, UL n\u00b0441 &#8211; VIE SYNDICALE"},"content":{"rendered":"\n<p>60, rue de la R\u00e9publique&nbsp;\u2013&nbsp;<strong>AMBROISE CROIZAT<\/strong>, association gestionnaire des centres m\u00e9dico-sociaux Suzanne MASSON et Jean-Pierre TIMBAUD, aura d\u00e9sormais un syndicat CGT unifi\u00e9 MASSON-TIMBAUD. Le congr\u00e8s constitutif du syndicat a en outre d\u00e9sign\u00e9 notre camarade Franck BOISSIER comme d\u00e9l\u00e9gu\u00e9 syndical, en remplacement de Fr\u00e9d\u00e9ric MONTOYA qui va migrer sur la section CGT des retrait\u00e9s.<\/p>\n","protected":false},"excerpt":{"rendered":"<p>60, rue de la R\u00e9publique&nbsp;\u2013&nbsp;AMBROISE CROIZAT, association gestionnaire des centres m\u00e9dico-sociaux Suzanne MASSON et Jean-Pierre TIMBAUD, aura d\u00e9sormais un syndicat CGT unifi\u00e9 MASSON-TIMBAUD. Le congr\u00e8s constitutif du syndicat a en outre d\u00e9sign\u00e9 notre camarade Franck BOISSIER comme d\u00e9l\u00e9gu\u00e9 syndical, en remplacement de Fr\u00e9d\u00e9ric MONTOYA qui va migrer sur la section CGT des retrait\u00e9s.<\/p>\n","protected":false},"author":1,"featured_media":0,"comment_status":"closed","ping_status":"open","sticky":false,"template":"","format":"standard","meta":{"footnotes":""},"categories":[2],"tags":[],"class_list":{"0":"entry","1":"post","2":"publish","3":"author-ulmontreuil","4":"post-7462","6":"format-standard","7":"category-je-tu-ul"},"_links":{"self":[{"href":"https:\/\/www.lacgtmontreuil.fr\/index.php?rest_route=\/wp\/v2\/posts\/7462","targetHints":{"allow":["GET"]}}],"collection":[{"href":"https:\/\/www.lacgtmontreuil.fr\/index.php?rest_route=\/wp\/v2\/posts"}],"about":[{"href":"https:\/\/www.lacgtmontreuil.fr\/index.php?rest_route=\/wp\/v2\/types\/post"}],"author":[{"embeddable":true,"href":"https:\/\/www.lacgtmontreuil.fr\/index.php?rest_route=\/wp\/v2\/users\/1"}],"replies":[{"embeddable":true,"href":"https:\/\/www.lacgtmontreuil.fr\/index.php?rest_route=%2Fwp%2Fv2%2Fcomments&post=7462"}],"version-history":[{"count":2,"href":"https:\/\/www.lacgtmontreuil.fr\/index.php?rest_route=\/wp\/v2\/posts\/7462\/revisions"}],"predecessor-version":[{"id":7994,"href":"https:\/\/www.lacgtmontreuil.fr\/index.php?rest_route=\/wp\/v2\/posts\/7462\/revisions\/7994"}],"wp:attachment":[{"href":"https:\/\/www.lacgtmontreuil.fr\/index.php?rest_route=%2Fwp%2Fv2%2Fmedia&parent=7462"}],"wp:term":[{"taxonomy":"category","embeddable":true,"href":"https:\/\/www.lacgtmontreuil.fr\/index.php?rest_route=%2Fwp%2Fv2%2Fcategories&post=7462"},{"taxonomy":"post_tag","embeddable":true,"href":"https:\/\/www.lacgtmontreuil.fr\/index.php?rest_route=%2Fwp%2Fv2%2Ftags&post=7462"}],"curies":[{"name":"wp","href":"https:\/\/api.w.org\/{rel}","templated":true}]}}