{"id":7456,"date":"2023-06-01T12:58:00","date_gmt":"2023-06-01T10:58:00","guid":{"rendered":"https:\/\/www.lacgtmontreuil.fr\/?p=7456"},"modified":"2023-09-11T12:17:04","modified_gmt":"2023-09-11T10:17:04","slug":"je-tu-ul-n441-retour-sur-bara","status":"publish","type":"post","link":"https:\/\/www.lacgtmontreuil.fr\/?p=7456","title":{"rendered":"Je, Tu, UL n\u00b0441 &#8211; RETOUR SUR BARA"},"content":{"rendered":"\n<p>18, rue Bara&nbsp;\u2013&nbsp;Le FOYER COALLIA (ex AFTAM) de la rue Bara retrouve ce samedi ses r\u00e9sidents, avec l\u2019inauguration par la municipalit\u00e9 et le comit\u00e9 des r\u00e9sidents du nouveau foyer reconstruit sur les ruines insalubres des anciens pianos KLEIN qui servaient depuis 1968 \u00e0 l\u2019accueil des travailleurs migrants venus du Sahel. Afin de ne pas laisser sur la touche la partie des anciens r\u00e9sidents que l\u2019Etat avait \u00ab entass\u00e9s \u00bb, 4 autres sites ont \u00e9t\u00e9 ajout\u00e9s dans le Bas-Montreuil, rue Emile Zola, (90 places), rue Etienne Marcel, rue des Hayeps et rue Voltaire.<\/p>\n","protected":false},"excerpt":{"rendered":"<p>18, rue Bara&nbsp;\u2013&nbsp;Le FOYER COALLIA (ex AFTAM) de la rue Bara retrouve ce samedi ses r\u00e9sidents, avec l\u2019inauguration par la municipalit\u00e9 et le comit\u00e9 des r\u00e9sidents du nouveau foyer reconstruit sur les ruines insalubres des anciens pianos KLEIN qui servaient depuis 1968 \u00e0 l\u2019accueil des travailleurs migrants venus du Sahel. Afin de ne pas laisser &hellip; <\/p>\n","protected":false},"author":1,"featured_media":0,"comment_status":"closed","ping_status":"open","sticky":false,"template":"","format":"standard","meta":{"footnotes":""},"categories":[2],"tags":[],"class_list":{"0":"entry","1":"post","2":"publish","3":"author-ulmontreuil","4":"post-7456","6":"format-standard","7":"category-je-tu-ul"},"_links":{"self":[{"href":"https:\/\/www.lacgtmontreuil.fr\/index.php?rest_route=\/wp\/v2\/posts\/7456","targetHints":{"allow":["GET"]}}],"collection":[{"href":"https:\/\/www.lacgtmontreuil.fr\/index.php?rest_route=\/wp\/v2\/posts"}],"about":[{"href":"https:\/\/www.lacgtmontreuil.fr\/index.php?rest_route=\/wp\/v2\/types\/post"}],"author":[{"embeddable":true,"href":"https:\/\/www.lacgtmontreuil.fr\/index.php?rest_route=\/wp\/v2\/users\/1"}],"replies":[{"embeddable":true,"href":"https:\/\/www.lacgtmontreuil.fr\/index.php?rest_route=%2Fwp%2Fv2%2Fcomments&post=7456"}],"version-history":[{"count":2,"href":"https:\/\/www.lacgtmontreuil.fr\/index.php?rest_route=\/wp\/v2\/posts\/7456\/revisions"}],"predecessor-version":[{"id":7976,"href":"https:\/\/www.lacgtmontreuil.fr\/index.php?rest_route=\/wp\/v2\/posts\/7456\/revisions\/7976"}],"wp:attachment":[{"href":"https:\/\/www.lacgtmontreuil.fr\/index.php?rest_route=%2Fwp%2Fv2%2Fmedia&parent=7456"}],"wp:term":[{"taxonomy":"category","embeddable":true,"href":"https:\/\/www.lacgtmontreuil.fr\/index.php?rest_route=%2Fwp%2Fv2%2Fcategories&post=7456"},{"taxonomy":"post_tag","embeddable":true,"href":"https:\/\/www.lacgtmontreuil.fr\/index.php?rest_route=%2Fwp%2Fv2%2Ftags&post=7456"}],"curies":[{"name":"wp","href":"https:\/\/api.w.org\/{rel}","templated":true}]}}