{"id":7450,"date":"2023-06-01T12:57:00","date_gmt":"2023-06-01T10:57:00","guid":{"rendered":"https:\/\/www.lacgtmontreuil.fr\/?p=7450"},"modified":"2023-09-11T12:17:10","modified_gmt":"2023-09-11T10:17:10","slug":"je-tu-ul-n441-efforts-et-reconforts","status":"publish","type":"post","link":"https:\/\/www.lacgtmontreuil.fr\/?p=7450","title":{"rendered":"Je, Tu, UL n\u00b0441 &#8211; EFFORTS ET R\u00c9CONFORTS"},"content":{"rendered":"\n<p>24, rue de Paris&nbsp;\u2013&nbsp;L\u2019UL CGT f\u00eatait le samedi 3 juin l\u2019anniversaire du d\u00e9but du conflit \u00e0 l\u2019h\u00f4tel IBIS de Bagnolet&#8230;&nbsp;et le r\u00e9cent succ\u00e8s des anciens gr\u00e9vistes aux prud\u2019hommes de Bobigny. En effet, les 10 agents d\u2019accueil sans papier ont obtenu d\u2019abord leur r\u00e9gularisation administrative, puis leur r\u00e9-embauche par le donneur d\u2019ordre COALLIA, et enfin la condamnation \u00e0 leur verser \u00e0 chacun de 10000 \u00e0 16000 euros ; condamnation opposable \u00e0 leur ancien employeur voyou, GABA GLOBAL SERVICE. En attendant l\u2019ex\u00e9cution desdits jugements, \u00e7a m\u00e9ritait bien un coup \u00e0 boire entre les int\u00e9ress\u00e9s et l\u2019\u00e9quipe des d\u00e9fenseurs syndicaux de Montreuil !<\/p>\n","protected":false},"excerpt":{"rendered":"<p>24, rue de Paris&nbsp;\u2013&nbsp;L\u2019UL CGT f\u00eatait le samedi 3 juin l\u2019anniversaire du d\u00e9but du conflit \u00e0 l\u2019h\u00f4tel IBIS de Bagnolet&#8230;&nbsp;et le r\u00e9cent succ\u00e8s des anciens gr\u00e9vistes aux prud\u2019hommes de Bobigny. En effet, les 10 agents d\u2019accueil sans papier ont obtenu d\u2019abord leur r\u00e9gularisation administrative, puis leur r\u00e9-embauche par le donneur d\u2019ordre COALLIA, et enfin la &hellip; <\/p>\n","protected":false},"author":1,"featured_media":0,"comment_status":"closed","ping_status":"open","sticky":false,"template":"","format":"standard","meta":{"footnotes":""},"categories":[2],"tags":[],"class_list":{"0":"entry","1":"post","2":"publish","3":"author-ulmontreuil","4":"post-7450","6":"format-standard","7":"category-je-tu-ul"},"_links":{"self":[{"href":"https:\/\/www.lacgtmontreuil.fr\/index.php?rest_route=\/wp\/v2\/posts\/7450","targetHints":{"allow":["GET"]}}],"collection":[{"href":"https:\/\/www.lacgtmontreuil.fr\/index.php?rest_route=\/wp\/v2\/posts"}],"about":[{"href":"https:\/\/www.lacgtmontreuil.fr\/index.php?rest_route=\/wp\/v2\/types\/post"}],"author":[{"embeddable":true,"href":"https:\/\/www.lacgtmontreuil.fr\/index.php?rest_route=\/wp\/v2\/users\/1"}],"replies":[{"embeddable":true,"href":"https:\/\/www.lacgtmontreuil.fr\/index.php?rest_route=%2Fwp%2Fv2%2Fcomments&post=7450"}],"version-history":[{"count":2,"href":"https:\/\/www.lacgtmontreuil.fr\/index.php?rest_route=\/wp\/v2\/posts\/7450\/revisions"}],"predecessor-version":[{"id":7979,"href":"https:\/\/www.lacgtmontreuil.fr\/index.php?rest_route=\/wp\/v2\/posts\/7450\/revisions\/7979"}],"wp:attachment":[{"href":"https:\/\/www.lacgtmontreuil.fr\/index.php?rest_route=%2Fwp%2Fv2%2Fmedia&parent=7450"}],"wp:term":[{"taxonomy":"category","embeddable":true,"href":"https:\/\/www.lacgtmontreuil.fr\/index.php?rest_route=%2Fwp%2Fv2%2Fcategories&post=7450"},{"taxonomy":"post_tag","embeddable":true,"href":"https:\/\/www.lacgtmontreuil.fr\/index.php?rest_route=%2Fwp%2Fv2%2Ftags&post=7450"}],"curies":[{"name":"wp","href":"https:\/\/api.w.org\/{rel}","templated":true}]}}