{"id":7444,"date":"2023-06-01T12:56:00","date_gmt":"2023-06-01T10:56:00","guid":{"rendered":"https:\/\/www.lacgtmontreuil.fr\/?p=7444"},"modified":"2023-09-11T12:17:16","modified_gmt":"2023-09-11T10:17:16","slug":"je-tu-ul-n441-les-juges-sen-melent","status":"publish","type":"post","link":"https:\/\/www.lacgtmontreuil.fr\/?p=7444","title":{"rendered":"Je, Tu, UL n\u00b0441 &#8211; LES JUGES S\u2019EN M\u00caLENT"},"content":{"rendered":"\n<p>66-72, rue Marceau&nbsp;\u2013&nbsp;Aux <strong>NOUVEAUX ROBINSON<\/strong>, ce n\u2019est pas encore l\u2019\u00e9pilogue ! Suite \u00e0 la d\u00e9claration de cessation de paiement, le liquidateur \u00e9tait convoqu\u00e9 au Tribunal de commerce de Bobigny, face aux \u00e9lues CGT qui ont d\u00e9nonc\u00e9 les 123 000 euros d\u2019honoraires consacr\u00e9s \u00e0 une liquidation qui n\u2019a pas lieu, puisque c\u2019est l\u2019option d\u2019un redressement judiciaire qui a finalement \u00e9t\u00e9 retenue par les juges. Pour plus de s\u00fbret\u00e9, les mandats des repr\u00e9sentants du personnel ont \u00e9t\u00e9 prorog\u00e9s jusqu\u2019\u00e0 fin juin.<\/p>\n","protected":false},"excerpt":{"rendered":"<p>66-72, rue Marceau&nbsp;\u2013&nbsp;Aux NOUVEAUX ROBINSON, ce n\u2019est pas encore l\u2019\u00e9pilogue ! Suite \u00e0 la d\u00e9claration de cessation de paiement, le liquidateur \u00e9tait convoqu\u00e9 au Tribunal de commerce de Bobigny, face aux \u00e9lues CGT qui ont d\u00e9nonc\u00e9 les 123 000 euros d\u2019honoraires consacr\u00e9s \u00e0 une liquidation qui n\u2019a pas lieu, puisque c\u2019est l\u2019option d\u2019un redressement judiciaire &hellip; <\/p>\n","protected":false},"author":1,"featured_media":0,"comment_status":"closed","ping_status":"open","sticky":false,"template":"","format":"standard","meta":{"footnotes":""},"categories":[2],"tags":[],"class_list":{"0":"entry","1":"post","2":"publish","3":"author-ulmontreuil","4":"post-7444","6":"format-standard","7":"category-je-tu-ul"},"_links":{"self":[{"href":"https:\/\/www.lacgtmontreuil.fr\/index.php?rest_route=\/wp\/v2\/posts\/7444","targetHints":{"allow":["GET"]}}],"collection":[{"href":"https:\/\/www.lacgtmontreuil.fr\/index.php?rest_route=\/wp\/v2\/posts"}],"about":[{"href":"https:\/\/www.lacgtmontreuil.fr\/index.php?rest_route=\/wp\/v2\/types\/post"}],"author":[{"embeddable":true,"href":"https:\/\/www.lacgtmontreuil.fr\/index.php?rest_route=\/wp\/v2\/users\/1"}],"replies":[{"embeddable":true,"href":"https:\/\/www.lacgtmontreuil.fr\/index.php?rest_route=%2Fwp%2Fv2%2Fcomments&post=7444"}],"version-history":[{"count":2,"href":"https:\/\/www.lacgtmontreuil.fr\/index.php?rest_route=\/wp\/v2\/posts\/7444\/revisions"}],"predecessor-version":[{"id":7982,"href":"https:\/\/www.lacgtmontreuil.fr\/index.php?rest_route=\/wp\/v2\/posts\/7444\/revisions\/7982"}],"wp:attachment":[{"href":"https:\/\/www.lacgtmontreuil.fr\/index.php?rest_route=%2Fwp%2Fv2%2Fmedia&parent=7444"}],"wp:term":[{"taxonomy":"category","embeddable":true,"href":"https:\/\/www.lacgtmontreuil.fr\/index.php?rest_route=%2Fwp%2Fv2%2Fcategories&post=7444"},{"taxonomy":"post_tag","embeddable":true,"href":"https:\/\/www.lacgtmontreuil.fr\/index.php?rest_route=%2Fwp%2Fv2%2Ftags&post=7444"}],"curies":[{"name":"wp","href":"https:\/\/api.w.org\/{rel}","templated":true}]}}