{"id":743,"date":"2018-02-14T17:18:55","date_gmt":"2018-02-14T16:18:55","guid":{"rendered":"http:\/\/www.lacgtmontreuil.fr\/?p=743"},"modified":"2018-02-14T17:18:55","modified_gmt":"2018-02-14T16:18:55","slug":"je-tu-ul-mi-octobre-2012-n-109","status":"publish","type":"post","link":"https:\/\/www.lacgtmontreuil.fr\/?p=743","title":{"rendered":"Je, Tu, UL\u2026  Mi Octobre 2012  N\u00b0 109"},"content":{"rendered":"<p><strong> Les br\u00e8ves de l\u2019UL CGT de Montreuil, 24, rue de Paris<\/strong><\/p>\n<p><img loading=\"lazy\" decoding=\"async\" width=\"109\" height=\"155\" class=\"wp-image-744\" src=\"https:\/\/www.lacgtmontreuil.fr\/wp-content\/uploads\/2018\/02\/logo_cgt-69.jpeg\" alt=\"logo_cgt\" \/>\u00a0\u00a0 <strong>Je, Tu, UL\u2026\u00a0 Mi Octobre 2012\u00a0 N\u00b0 109<\/strong><\/p>\n<p><em>\u00ab\u00a0Et si \u00e7a continue, on leur coupera la dette\u2026\u00a0\u00bb<\/em><\/p>\n<p><strong>UN GROS BUG AU SICIM :<\/strong> 2, rue Rabelais \u2013 Le Syndicat InterCommunal pour l\u2019Informatique de Montreuil risque l\u2019euthanasie pour ses 40 ans, suite \u00e0 la d\u00e9cision des \u00e9lus de le liquider. Notre camarade Jean-Pierre GREGOIRE, repr\u00e9sentant la CGT pour la vingtaine de salari\u00e9s concern\u00e9s, exige le reclassement avec maintien des r\u00e9mun\u00e9rations et le r\u00e8glement \u00e0 100% du pr\u00e9judice r\u00e9sultant de la rupture\u00a0: une bataille qui ne fait que commencer avec une conf\u00e9rence de presse de la section CGT, lundi 15 octobre\u2026 et un arr\u00eat de travail le m\u00eame jour.<\/p>\n<p><strong>AU RENDEZ-VOUS DU CHANGEMENT\u00a0?\u00a0:<\/strong> 11, rue Georges M\u00e9li\u00e8s \u2013 Au Foyer Glasberg, pour une fois, ce n\u2019est pas la direction qui fait l\u2019actualit\u00e9\u00a0! Mais c\u2019est une militante Hamida LAKHDAR qui vient d\u2019alerter l\u2019UL-CGT sur le \u00ab\u00a0cas\u00a0\u00bb de sa m\u00e8re, \u00e2g\u00e9e de 88 ans et hospitalis\u00e9e, par ailleurs titulaire d\u2019une carte de r\u00e9sidente alg\u00e9rienne de 10 ans. Elle re\u00e7oit une OQTF (Obligation de Quitter le Territoire Fran\u00e7ais) sous 30 jours\u00a0: courriers imm\u00e9diats de l\u2019UL-CGT \u00e0 MM. Valls, Ayrault et Hollande. Un rendez-vous est pris mardi \u00e0 l\u2019Elys\u00e9e, avec le chef de cabinet de ce dernier. On esp\u00e8re que ce sera pour le champagne\u00a0!<\/p>\n<p><strong>HOSTO BLUES :<\/strong> 56, boulevard de La Boissi\u00e8re \u2013 Le CHI Andr\u00e9 Gr\u00e9goire a \u00e9t\u00e9 plac\u00e9 sous administration provisoire par un arr\u00eat\u00e9 de l\u2019ARS du 5 octobre 2012. La nouvelle administratrice se trouve missionn\u00e9e pour refondre l\u2019\u00e9tablissement \u00ab\u00a0dans l\u2019offre de soins de la zone Est\u00a0\u00bb\u2026 Ce qui pour la CGT remet au go\u00fbt du jour les partenariats public-priv\u00e9 et le projet de fusion entre l\u2019H\u00f4pital Intercommunal et une clinique priv\u00e9e de Bagnolet dot\u00e9e de la chirurgie\u2026 qu\u2019on casse \u00e0 Montreuil. Aucun des syndicats du CHI n\u2019a donc pris pour argent comptant les propos l\u00e9nifiants tenus par les \u00e9lus et la nouvelle gouvernance, devant une AG des personnels.<\/p>\n<p><strong>DROIT DE GR\u00c8VE CONFIRM\u00c9 :<\/strong> 65 bis, rue Ernest Savart \u2013 OXYGENE 93 n\u2019avait jamais dig\u00e9r\u00e9 la gr\u00e8ve des aides \u00e0 domicile qui avaient occup\u00e9 en 2011 le si\u00e8ge de la soci\u00e9t\u00e9. La direction s\u2019\u00e9tait veng\u00e9e en licenciant notre camarade C\u00e9line PRZYBYSZEMSKI. Le Conseil de Prud\u2019hommes de Bobigny vient de la r\u00e9tablir dans ses droits en condamnant Oxyg\u00e8ne \u00e0 lui payer 6600 euros en r\u00e9paration. Les salari\u00e9es \u2013 ses anciennes coll\u00e8gues \u2013 envisagent, quant \u00e0 elles, une nouvelle gr\u00e8ve\u2026<\/p>\n<p><strong>BOX \u00c1 LOUER:<\/strong> 105, boulevard Chanzy \u2013 INTERLOGEMENT 93 pr\u00e9voit son d\u00e9m\u00e9nagement\u2026 sans m\u00e9nagement. Alors que ni le CE, ni le CHSCT n\u2019ont encore \u00e9mis d\u2019avis sur le projet, la direction cherche \u00e0 imposer au forceps l\u2019installation des travailleurs sociaux dans un \u00ab\u00a0open space\u00a0\u00bb avec quelques \u00ab\u00a0boxes partag\u00e9s\u00a0\u00bb pour recevoir les familles. Les pauvres ne doivent-ils pas s\u2019entra\u00eener \u00e0 la promiscuit\u00e9\u00a0? Telle n\u2019est pas la conception des \u00e9lus CGT et SUD qui appellent \u00e0 la gr\u00e8ve contre ce coup de force.<\/p>\n","protected":false},"excerpt":{"rendered":"<p>Les br\u00e8ves de l\u2019UL CGT de Montreuil, 24, rue de Paris \u00a0\u00a0 Je, Tu, UL\u2026\u00a0 Mi Octobre 2012\u00a0 N\u00b0 109 \u00ab\u00a0Et si \u00e7a continue, on leur coupera la dette\u2026\u00a0\u00bb UN GROS BUG AU SICIM : 2, rue Rabelais \u2013 Le Syndicat InterCommunal pour l\u2019Informatique de Montreuil risque l\u2019euthanasie pour ses 40 ans, suite \u00e0 la &hellip; <\/p>\n","protected":false},"author":1,"featured_media":0,"comment_status":"closed","ping_status":"open","sticky":false,"template":"","format":"standard","meta":{"footnotes":""},"categories":[2],"tags":[],"class_list":{"0":"entry","1":"post","2":"publish","3":"author-ulmontreuil","4":"post-743","6":"format-standard","7":"category-je-tu-ul"},"_links":{"self":[{"href":"https:\/\/www.lacgtmontreuil.fr\/index.php?rest_route=\/wp\/v2\/posts\/743","targetHints":{"allow":["GET"]}}],"collection":[{"href":"https:\/\/www.lacgtmontreuil.fr\/index.php?rest_route=\/wp\/v2\/posts"}],"about":[{"href":"https:\/\/www.lacgtmontreuil.fr\/index.php?rest_route=\/wp\/v2\/types\/post"}],"author":[{"embeddable":true,"href":"https:\/\/www.lacgtmontreuil.fr\/index.php?rest_route=\/wp\/v2\/users\/1"}],"replies":[{"embeddable":true,"href":"https:\/\/www.lacgtmontreuil.fr\/index.php?rest_route=%2Fwp%2Fv2%2Fcomments&post=743"}],"version-history":[{"count":1,"href":"https:\/\/www.lacgtmontreuil.fr\/index.php?rest_route=\/wp\/v2\/posts\/743\/revisions"}],"predecessor-version":[{"id":745,"href":"https:\/\/www.lacgtmontreuil.fr\/index.php?rest_route=\/wp\/v2\/posts\/743\/revisions\/745"}],"wp:attachment":[{"href":"https:\/\/www.lacgtmontreuil.fr\/index.php?rest_route=%2Fwp%2Fv2%2Fmedia&parent=743"}],"wp:term":[{"taxonomy":"category","embeddable":true,"href":"https:\/\/www.lacgtmontreuil.fr\/index.php?rest_route=%2Fwp%2Fv2%2Fcategories&post=743"},{"taxonomy":"post_tag","embeddable":true,"href":"https:\/\/www.lacgtmontreuil.fr\/index.php?rest_route=%2Fwp%2Fv2%2Ftags&post=743"}],"curies":[{"name":"wp","href":"https:\/\/api.w.org\/{rel}","templated":true}]}}