{"id":739,"date":"2018-02-14T17:16:47","date_gmt":"2018-02-14T16:16:47","guid":{"rendered":"http:\/\/www.lacgtmontreuil.fr\/?p=739"},"modified":"2018-02-14T17:16:47","modified_gmt":"2018-02-14T16:16:47","slug":"je-tu-ul-debut-octobre-2012-n-108","status":"publish","type":"post","link":"https:\/\/www.lacgtmontreuil.fr\/?p=739","title":{"rendered":"Je, Tu, UL\u2026  D\u00e9but Octobre 2012  N\u00b0 108"},"content":{"rendered":"<p><strong> Les br\u00e8ves de l\u2019UL CGT de Montreuil, 24, rue de Paris<\/strong><\/p>\n<p><img loading=\"lazy\" decoding=\"async\" width=\"109\" height=\"155\" class=\"wp-image-740\" src=\"https:\/\/www.lacgtmontreuil.fr\/wp-content\/uploads\/2018\/02\/logo_cgt-68.jpeg\" alt=\"logo_cgt\" \/>\u00a0\u00a0 <strong>Je, Tu, UL\u2026\u00a0 D\u00e9but Octobre 2012\u00a0 N\u00b0 108<\/strong><\/p>\n<p><em>\u00ab\u00a0Vous avez demand\u00e9 le changement\u00a0? Nous ne sommes pas en mesure de vous r\u00e9pondre actuellement. Veuillez renouveler votre appel ult\u00e9rieurement\u00a0\u00bb<\/em><\/p>\n<p><strong>CONTRE LA CHIRURGIE \u00c1 LA D\u00c9COUPE :<\/strong> 56, boulevard de La Boissi\u00e8re \u2013 A l\u2019H\u00f4pital Andr\u00e9 Gr\u00e9goire, la mobilisation se poursuit apr\u00e8s une rencontre avec l\u2019Agence R\u00e9gionale de la Sant\u00e9 (ARS) et les A.G. du 2 octobre pour en rendre compte\u00a0: les promesses de reconstituer l\u2019\u00e9quipe d\u2019anesth\u00e9sistes et donc la compl\u00e9tude de la chirurgie, restent \u00e0 concr\u00e9tiser. Ce samedi 6 octobre, les personnels hospitaliers manifestent devant Matignon, pour le retour \u00e0 Montreuil de la chirurgie d\u2019urgence de nuit et l\u2019abrogation de la loi Bachelot.<\/p>\n<p><strong>MISE \u00c1 PIED POUR UN TRACT\u00a0:<\/strong> 155, rue de Rosny \u2013 ACTOM (acronyme d\u2019Agence Commerciale pour le Traitement des Ordonnances M\u00e9dicales) se distingue une nouvelle fois par la r\u00e9pression anti-syndicale, avec la mise \u00e0 pied et la convocation en vue d\u2019un licenciement le 8 octobre, de notre camarade Patrick LEGOFF, d\u00e9l\u00e9gu\u00e9 suppl\u00e9ant. Son crime\u00a0? Avoir distribu\u00e9 un tract d\u00e9non\u00e7ant la distribution des b\u00e9n\u00e9fices (300\u00a0000 euros dans la poche du patron), quand les salaires sont en baisse\u00a0! Un patron r\u00e9cidiviste, puisqu\u2019il avait tent\u00e9, sans succ\u00e8s, cet \u00e9t\u00e9, d\u2019obtenir le licenciement du d\u00e9l\u00e9gu\u00e9 titulaire\u2026<\/p>\n<p><strong>LE PATRON\u00a0FAISAIT LE TROTTOIR :<\/strong> 95, avenue du Pr\u00e9sident Wilson \u2013 Le g\u00e9rant de TN BAT comme la loi \u2013 malheureusement \u2013 l\u2019y autorise, a domicili\u00e9 sa soci\u00e9t\u00e9 dans un bureau de domiciliations. Il en existe 5 \u00e0 Montreuil. Condamn\u00e9 \u00e0 payer des salaires en retard \u00e0 Monsieur YAHIA, il convoque celui-ci\u2026 \u00e0 un entretien pr\u00e9alable \u00e0 un licenciement pour inaptitude. Un conseiller du salari\u00e9 constate l\u2019absence du patron, et un deuxi\u00e8me entretien est organis\u00e9 pour le 4 octobre\u00a0: l\u00e0, un repr\u00e9sentant de l\u2019employeur, qui refuse de se pr\u00e9senter, pr\u00e9tend tenir l\u2019entretien devant le bureau de domiciliations, sur le trottoir. La CGT a saisi la DIRECCTE et l\u2019entretien n\u2019a donc pu se tenir une nouvelle fois.<\/p>\n<p><strong>CHEZ EGIS, ILS R\u00c9AGISSENT :<\/strong> 4, rue Dolor\u00e8s Ibarruri \u2013 EGIS INDUSTRIES, premier bureau d\u2019\u00e9tude d\u2019infrastructures en France, organise ses \u00e9lections professionnelles pour les 193 salari\u00e9s, essentiellement cadres et ing\u00e9nieurs. L\u2019ancien CE \u00e9lu sans \u00e9tiquette avait d\u00e9missionn\u00e9 pour permettre le renouvellement\u00a0: suite \u00e0 la rencontre du 2 octobre avec l\u2019UL-CGT, ils et elles sont une dizaine \u00e0 avoir d\u00e9cid\u00e9 de construire une liste CGT pour le prochain 1<sup>er<\/sup> tour. Le DRH n\u2019en est toujours pas revenu.<\/p>\n<p><strong>RETOUR \u00c1 LA FONDATION\u00a0:<\/strong> 70, rue Douy Delcupe \u2013 La FONDATION 93 essuie cette fois un \u00e9chec d\u00e9finitif pour sa proc\u00e9dure contre Nacira LIMAMA, d\u00e9l\u00e9gu\u00e9e syndicale CGT, dont le licenciement refus\u00e9 par l\u2019Inspection du Travail avait \u00e9t\u00e9 autoris\u00e9 \u00e0 la sauvette par le Minist\u00e8re. Cette fois, c\u2019est le Tribunal Administratif de Montreuil qui, sur le fond, ordonne la r\u00e9int\u00e9gration de Nacira, qui retrouvera ce lundi son bureau vid\u00e9 de toutes ses affaires par l\u2019employeur.<\/p>\n","protected":false},"excerpt":{"rendered":"<p>Les br\u00e8ves de l\u2019UL CGT de Montreuil, 24, rue de Paris \u00a0\u00a0 Je, Tu, UL\u2026\u00a0 D\u00e9but Octobre 2012\u00a0 N\u00b0 108 \u00ab\u00a0Vous avez demand\u00e9 le changement\u00a0? Nous ne sommes pas en mesure de vous r\u00e9pondre actuellement. Veuillez renouveler votre appel ult\u00e9rieurement\u00a0\u00bb CONTRE LA CHIRURGIE \u00c1 LA D\u00c9COUPE : 56, boulevard de La Boissi\u00e8re \u2013 A l\u2019H\u00f4pital &hellip; <\/p>\n","protected":false},"author":1,"featured_media":0,"comment_status":"closed","ping_status":"open","sticky":false,"template":"","format":"standard","meta":{"footnotes":""},"categories":[2],"tags":[],"class_list":{"0":"entry","1":"post","2":"publish","3":"author-ulmontreuil","4":"post-739","6":"format-standard","7":"category-je-tu-ul"},"_links":{"self":[{"href":"https:\/\/www.lacgtmontreuil.fr\/index.php?rest_route=\/wp\/v2\/posts\/739","targetHints":{"allow":["GET"]}}],"collection":[{"href":"https:\/\/www.lacgtmontreuil.fr\/index.php?rest_route=\/wp\/v2\/posts"}],"about":[{"href":"https:\/\/www.lacgtmontreuil.fr\/index.php?rest_route=\/wp\/v2\/types\/post"}],"author":[{"embeddable":true,"href":"https:\/\/www.lacgtmontreuil.fr\/index.php?rest_route=\/wp\/v2\/users\/1"}],"replies":[{"embeddable":true,"href":"https:\/\/www.lacgtmontreuil.fr\/index.php?rest_route=%2Fwp%2Fv2%2Fcomments&post=739"}],"version-history":[{"count":1,"href":"https:\/\/www.lacgtmontreuil.fr\/index.php?rest_route=\/wp\/v2\/posts\/739\/revisions"}],"predecessor-version":[{"id":741,"href":"https:\/\/www.lacgtmontreuil.fr\/index.php?rest_route=\/wp\/v2\/posts\/739\/revisions\/741"}],"wp:attachment":[{"href":"https:\/\/www.lacgtmontreuil.fr\/index.php?rest_route=%2Fwp%2Fv2%2Fmedia&parent=739"}],"wp:term":[{"taxonomy":"category","embeddable":true,"href":"https:\/\/www.lacgtmontreuil.fr\/index.php?rest_route=%2Fwp%2Fv2%2Fcategories&post=739"},{"taxonomy":"post_tag","embeddable":true,"href":"https:\/\/www.lacgtmontreuil.fr\/index.php?rest_route=%2Fwp%2Fv2%2Ftags&post=739"}],"curies":[{"name":"wp","href":"https:\/\/api.w.org\/{rel}","templated":true}]}}