{"id":7372,"date":"2023-04-30T12:42:00","date_gmt":"2023-04-30T10:42:00","guid":{"rendered":"https:\/\/www.lacgtmontreuil.fr\/?p=7372"},"modified":"2023-09-11T12:15:33","modified_gmt":"2023-09-11T10:15:33","slug":"je-tu-ul-n439-lacrymogenes-pour-la-sante","status":"publish","type":"post","link":"https:\/\/www.lacgtmontreuil.fr\/?p=7372","title":{"rendered":"Je, Tu, UL n\u00b0439 &#8211; LACRYMOG\u00c8NES POUR LA SANT\u00c9"},"content":{"rendered":"\n<p>55, rue Gaston Lauriau&nbsp;\u2013&nbsp;C\u2019est \u00e0 <strong>CAP HORN<\/strong> que Fran\u00e7ois BRAUN, sinistre de la Sant\u00e9 d\u2019un gouvernement sans bornes, s\u2019\u00e9tait invit\u00e9 le 21 avril. Pour l\u2019accueil, un concert de casseroles \u00e9tait organis\u00e9 par la CGT et les personnels de l\u2019h\u00f4pital de Montreuil. Manifestement peu m\u00e9lomane, la police n\u2019aura pas tard\u00e9 \u00e0 noyer la manifestation pacifique sous les gaz lacrymog\u00e8nes, interpelant au hasard&nbsp;\u2013&nbsp;pour l\u2019exemple ?&nbsp;\u2013&nbsp;l\u2019un des 200 protestataires retenu pour une longue garde \u00e0 vue que rien ne justifiait.<\/p>\n","protected":false},"excerpt":{"rendered":"<p>55, rue Gaston Lauriau&nbsp;\u2013&nbsp;C\u2019est \u00e0 CAP HORN que Fran\u00e7ois BRAUN, sinistre de la Sant\u00e9 d\u2019un gouvernement sans bornes, s\u2019\u00e9tait invit\u00e9 le 21 avril. Pour l\u2019accueil, un concert de casseroles \u00e9tait organis\u00e9 par la CGT et les personnels de l\u2019h\u00f4pital de Montreuil. Manifestement peu m\u00e9lomane, la police n\u2019aura pas tard\u00e9 \u00e0 noyer la manifestation pacifique sous &hellip; <\/p>\n","protected":false},"author":1,"featured_media":0,"comment_status":"closed","ping_status":"open","sticky":false,"template":"","format":"standard","meta":{"footnotes":""},"categories":[2],"tags":[],"class_list":{"0":"entry","1":"post","2":"publish","3":"author-ulmontreuil","4":"post-7372","6":"format-standard","7":"category-je-tu-ul"},"_links":{"self":[{"href":"https:\/\/www.lacgtmontreuil.fr\/index.php?rest_route=\/wp\/v2\/posts\/7372","targetHints":{"allow":["GET"]}}],"collection":[{"href":"https:\/\/www.lacgtmontreuil.fr\/index.php?rest_route=\/wp\/v2\/posts"}],"about":[{"href":"https:\/\/www.lacgtmontreuil.fr\/index.php?rest_route=\/wp\/v2\/types\/post"}],"author":[{"embeddable":true,"href":"https:\/\/www.lacgtmontreuil.fr\/index.php?rest_route=\/wp\/v2\/users\/1"}],"replies":[{"embeddable":true,"href":"https:\/\/www.lacgtmontreuil.fr\/index.php?rest_route=%2Fwp%2Fv2%2Fcomments&post=7372"}],"version-history":[{"count":2,"href":"https:\/\/www.lacgtmontreuil.fr\/index.php?rest_route=\/wp\/v2\/posts\/7372\/revisions"}],"predecessor-version":[{"id":7946,"href":"https:\/\/www.lacgtmontreuil.fr\/index.php?rest_route=\/wp\/v2\/posts\/7372\/revisions\/7946"}],"wp:attachment":[{"href":"https:\/\/www.lacgtmontreuil.fr\/index.php?rest_route=%2Fwp%2Fv2%2Fmedia&parent=7372"}],"wp:term":[{"taxonomy":"category","embeddable":true,"href":"https:\/\/www.lacgtmontreuil.fr\/index.php?rest_route=%2Fwp%2Fv2%2Fcategories&post=7372"},{"taxonomy":"post_tag","embeddable":true,"href":"https:\/\/www.lacgtmontreuil.fr\/index.php?rest_route=%2Fwp%2Fv2%2Ftags&post=7372"}],"curies":[{"name":"wp","href":"https:\/\/api.w.org\/{rel}","templated":true}]}}