{"id":7360,"date":"2023-04-15T12:40:00","date_gmt":"2023-04-15T10:40:00","guid":{"rendered":"https:\/\/www.lacgtmontreuil.fr\/?p=7360"},"modified":"2023-09-11T12:15:27","modified_gmt":"2023-09-11T10:15:27","slug":"je-tu-ul-nn438-lancien-meurt-et-le-nouveau-ne-peut-pas-naitre","status":"publish","type":"post","link":"https:\/\/www.lacgtmontreuil.fr\/?p=7360","title":{"rendered":"Je, Tu, UL nn\u00b0438 &#8211; \u00ab L\u2019ANCIEN MEURT ET LE NOUVEAU NE PEUT PAS NA\u00ceTRE \u00bb"},"content":{"rendered":"\n<p>66-72, rue Marceau&nbsp;\u2013&nbsp;<strong>Aux NOUVEAUX ROBINSON<\/strong>, cette citation de Gramsci prend tout son sens avec un nouveau report de la d\u00e9claration de cessation des paiements, sans cesse annonc\u00e9e par le liquidateur. Pour sa part, la CGT est pr\u00eate avec la double d\u00e9signation de nos camarades Annie PASZKIEWICZ aupr\u00e8s du Tribunal de Commerce, et de Dorine MPOULI pour repr\u00e9senter les salari\u00e9s cr\u00e9anciers devant le futur liquidateur amen\u00e9 \u00e0 succ\u00e9der \u00e0 celui qui n&rsquo;a eu \u00ab d\u2019amiable \u00bb que le nom.<\/p>\n","protected":false},"excerpt":{"rendered":"<p>66-72, rue Marceau&nbsp;\u2013&nbsp;Aux NOUVEAUX ROBINSON, cette citation de Gramsci prend tout son sens avec un nouveau report de la d\u00e9claration de cessation des paiements, sans cesse annonc\u00e9e par le liquidateur. Pour sa part, la CGT est pr\u00eate avec la double d\u00e9signation de nos camarades Annie PASZKIEWICZ aupr\u00e8s du Tribunal de Commerce, et de Dorine MPOULI &hellip; <\/p>\n","protected":false},"author":1,"featured_media":0,"comment_status":"closed","ping_status":"open","sticky":false,"template":"","format":"standard","meta":{"footnotes":""},"categories":[2],"tags":[],"class_list":{"0":"entry","1":"post","2":"publish","3":"author-ulmontreuil","4":"post-7360","6":"format-standard","7":"category-je-tu-ul"},"_links":{"self":[{"href":"https:\/\/www.lacgtmontreuil.fr\/index.php?rest_route=\/wp\/v2\/posts\/7360","targetHints":{"allow":["GET"]}}],"collection":[{"href":"https:\/\/www.lacgtmontreuil.fr\/index.php?rest_route=\/wp\/v2\/posts"}],"about":[{"href":"https:\/\/www.lacgtmontreuil.fr\/index.php?rest_route=\/wp\/v2\/types\/post"}],"author":[{"embeddable":true,"href":"https:\/\/www.lacgtmontreuil.fr\/index.php?rest_route=\/wp\/v2\/users\/1"}],"replies":[{"embeddable":true,"href":"https:\/\/www.lacgtmontreuil.fr\/index.php?rest_route=%2Fwp%2Fv2%2Fcomments&post=7360"}],"version-history":[{"count":2,"href":"https:\/\/www.lacgtmontreuil.fr\/index.php?rest_route=\/wp\/v2\/posts\/7360\/revisions"}],"predecessor-version":[{"id":7940,"href":"https:\/\/www.lacgtmontreuil.fr\/index.php?rest_route=\/wp\/v2\/posts\/7360\/revisions\/7940"}],"wp:attachment":[{"href":"https:\/\/www.lacgtmontreuil.fr\/index.php?rest_route=%2Fwp%2Fv2%2Fmedia&parent=7360"}],"wp:term":[{"taxonomy":"category","embeddable":true,"href":"https:\/\/www.lacgtmontreuil.fr\/index.php?rest_route=%2Fwp%2Fv2%2Fcategories&post=7360"},{"taxonomy":"post_tag","embeddable":true,"href":"https:\/\/www.lacgtmontreuil.fr\/index.php?rest_route=%2Fwp%2Fv2%2Ftags&post=7360"}],"curies":[{"name":"wp","href":"https:\/\/api.w.org\/{rel}","templated":true}]}}