{"id":733,"date":"2018-02-14T17:12:38","date_gmt":"2018-02-14T16:12:38","guid":{"rendered":"http:\/\/www.lacgtmontreuil.fr\/?p=733"},"modified":"2018-02-14T17:12:38","modified_gmt":"2018-02-14T16:12:38","slug":"je-tu-ul-mi-septembre-2012-n-106","status":"publish","type":"post","link":"https:\/\/www.lacgtmontreuil.fr\/?p=733","title":{"rendered":"Je, Tu, UL\u2026  Mi Septembre 2012  N\u00b0 106"},"content":{"rendered":"<p><strong> Les br\u00e8ves de l\u2019UL CGT de Montreuil, 24, rue de Paris<\/strong><\/p>\n<p><img loading=\"lazy\" decoding=\"async\" width=\"109\" height=\"155\" class=\"wp-image-734\" src=\"https:\/\/www.lacgtmontreuil.fr\/wp-content\/uploads\/2018\/02\/logo_cgt-66.jpeg\" alt=\"logo_cgt\" \/>\u00a0\u00a0 <strong>Je, Tu, UL\u2026\u00a0 Mi Septembre 2012\u00a0 N\u00b0 106<\/strong><\/p>\n<p><em>\u00ab\u00a0Rentr\u00e9e 2012\u00a0: le combat, c\u2019est maintenant\u00a0!\u00a0\u00bb<\/em><\/p>\n<p><strong>RENTR\u00c9E RENTABLE :<\/strong> 51-63, rue Gaston Lauriau \u2013 A la CAMIEG, les agents d\u2019accueil de cette caisse de s\u00e9curit\u00e9 sociale des \u00e9lectriciens et gaziers ne percevaient, malgr\u00e9 les protestations de la CGT, des primes d\u2019itin\u00e9rance \u00e0 4% qu\u2019au prorata de leurs d\u00e9placements. Ce mois de septembre, la revendication sera enfin satisfaite\u00a0: une prime de 15% pour toutes et tous, y compris pour les quelques agents d\u00e9tach\u00e9s d\u2019EDF qui occupent ces fonctions. Beau succ\u00e8s pour la CGT\u00a0!<\/p>\n<p><strong>SANS ANESTH\u00c9SIE\u00a0:<\/strong> 56, boulevard de La Boissi\u00e8re \u2013 L\u2019inqui\u00e9tude grandit au CHI Andr\u00e9 Gr\u00e9goire quant aux intentions de l\u2019Agence R\u00e9gionale de Sant\u00e9 (ARS) qui entend \u00ab\u00a0redresser\u00a0\u00bb la situation financi\u00e8re de l\u2019h\u00f4pital en s\u2019attaquant aux gardes d\u2019anesth\u00e9sie, ce qui remettrait de fait en cause la chirurgie d\u2019urgence. Les syndicats de l\u2019h\u00f4pital tirent la sonnette d\u2019alarme et la CGT appelle \u00e0 la mobilisation des personnels pour le 2 octobre prochain.<\/p>\n<p><strong>AU CARREFOUR DU VOLONTARIAT\u00a0:<\/strong> 280, rue de Paris \u2013 Le groupe CARREFOUR a annonc\u00e9 le 2 septembre un plan social de 600 \u00ab\u00a0d\u00e9parts volontaires\u00a0\u00bb. A la Porte de Montreuil, l\u2019appel \u00e0 volontariat a d\u00e9j\u00e0 commenc\u00e9\u2026 avec la convocation de 12 salari\u00e9s dont une \u00e9lue CGT \u00e0 entretien pr\u00e9alable au licenciement pour avoir refus\u00e9 de travailler le 14 juillet. Pourtant, c\u2019est \u00e9crit noir sur blanc dans la convention collective\u00a0: deux jours f\u00e9ri\u00e9s par an sont travaill\u00e9s\u2026 sur la base du volontariat\u00a0!<\/p>\n<p><strong>MVH-IRIS CONDAMN\u00c9 :<\/strong> 26 bis, rue Kl\u00e9ber\u00a0\u2013 La g\u00e9rante de MVH-IRIS ne recrutait que des jeunes dipl\u00f4m\u00e9s en contrats aid\u00e9s, tout en omettant de cotiser pour leur formation et de payer leur travail. Notre camarade Dabo TRAORE vient enfin de faire condamner cette pratique, le Conseil de Prud\u2019hommes fixant sa cr\u00e9ance \u00e0 4840\u20ac pour ses frais de formation et \u00e0 un rappel de 2480\u20ac pour le travail fourni non r\u00e9mun\u00e9r\u00e9.<\/p>\n<p><strong>MA 6T VA CRAQUER\u00a0:<\/strong> 2, rue de l\u2019Aqueduc \u2013 CITE MARYAM, association g\u00e9r\u00e9e par le Secours Catholique, avait cess\u00e9 cet \u00e9t\u00e9 de verser aux salari\u00e9s leur prime d\u2019internat, pourtant pr\u00e9vue au contrat de travail. Au retour des cong\u00e9s, une lettre du directeur informe le personnel qu\u2019il a \u00ab\u00a0suspendu\u00a0\u00bb le versement de la prime au motif qu\u2019elle n\u2019existe dans la convention collective que sous certaines conditions. Au cas o\u00f9 il aurait mal lu les contrats de travail\u2026 un petit courrier des salari\u00e9s lui a \u00e9t\u00e9 adress\u00e9 pour lui rappeler ses obligations contractuelles et les sommes \u00e0 verser en septembre 2012.<\/p>\n","protected":false},"excerpt":{"rendered":"<p>Les br\u00e8ves de l\u2019UL CGT de Montreuil, 24, rue de Paris \u00a0\u00a0 Je, Tu, UL\u2026\u00a0 Mi Septembre 2012\u00a0 N\u00b0 106 \u00ab\u00a0Rentr\u00e9e 2012\u00a0: le combat, c\u2019est maintenant\u00a0!\u00a0\u00bb RENTR\u00c9E RENTABLE : 51-63, rue Gaston Lauriau \u2013 A la CAMIEG, les agents d\u2019accueil de cette caisse de s\u00e9curit\u00e9 sociale des \u00e9lectriciens et gaziers ne percevaient, malgr\u00e9 les protestations &hellip; <\/p>\n","protected":false},"author":1,"featured_media":0,"comment_status":"closed","ping_status":"open","sticky":false,"template":"","format":"standard","meta":{"footnotes":""},"categories":[2],"tags":[],"class_list":{"0":"entry","1":"post","2":"publish","3":"author-ulmontreuil","4":"post-733","6":"format-standard","7":"category-je-tu-ul"},"_links":{"self":[{"href":"https:\/\/www.lacgtmontreuil.fr\/index.php?rest_route=\/wp\/v2\/posts\/733","targetHints":{"allow":["GET"]}}],"collection":[{"href":"https:\/\/www.lacgtmontreuil.fr\/index.php?rest_route=\/wp\/v2\/posts"}],"about":[{"href":"https:\/\/www.lacgtmontreuil.fr\/index.php?rest_route=\/wp\/v2\/types\/post"}],"author":[{"embeddable":true,"href":"https:\/\/www.lacgtmontreuil.fr\/index.php?rest_route=\/wp\/v2\/users\/1"}],"replies":[{"embeddable":true,"href":"https:\/\/www.lacgtmontreuil.fr\/index.php?rest_route=%2Fwp%2Fv2%2Fcomments&post=733"}],"version-history":[{"count":1,"href":"https:\/\/www.lacgtmontreuil.fr\/index.php?rest_route=\/wp\/v2\/posts\/733\/revisions"}],"predecessor-version":[{"id":735,"href":"https:\/\/www.lacgtmontreuil.fr\/index.php?rest_route=\/wp\/v2\/posts\/733\/revisions\/735"}],"wp:attachment":[{"href":"https:\/\/www.lacgtmontreuil.fr\/index.php?rest_route=%2Fwp%2Fv2%2Fmedia&parent=733"}],"wp:term":[{"taxonomy":"category","embeddable":true,"href":"https:\/\/www.lacgtmontreuil.fr\/index.php?rest_route=%2Fwp%2Fv2%2Fcategories&post=733"},{"taxonomy":"post_tag","embeddable":true,"href":"https:\/\/www.lacgtmontreuil.fr\/index.php?rest_route=%2Fwp%2Fv2%2Ftags&post=733"}],"curies":[{"name":"wp","href":"https:\/\/api.w.org\/{rel}","templated":true}]}}