{"id":7288,"date":"2023-03-30T12:30:00","date_gmt":"2023-03-30T10:30:00","guid":{"rendered":"https:\/\/www.lacgtmontreuil.fr\/?p=7288"},"modified":"2023-09-11T12:13:33","modified_gmt":"2023-09-11T10:13:33","slug":"je-tu-ul-n436-qui-percol-perd-tout","status":"publish","type":"post","link":"https:\/\/www.lacgtmontreuil.fr\/?p=7288","title":{"rendered":"Je, Tu, UL n\u00b0436 &#8211; QUI PERCOL PERD TOUT"},"content":{"rendered":"\n<p>3, rue Franklin&nbsp;\u2013&nbsp;A l\u2019<strong>AFPA<\/strong>, la direction propose de n\u00e9gocier le Plan d\u2019Epargne Retraite Collectif (PERCOL) pendant que des millions de salari\u00e9s manifestent pour la d\u00e9fense d\u2019une retraite par r\u00e9partition, \u00e0 l\u2019abri des al\u00e9as \u00e9conomiques et de la sp\u00e9culation. Face \u00e0 cette&nbsp;man\u0153uvre, la CGT rappelle que soumettre ce type de revenus \u00e0 cotisation rapporterait 3 milliards aux caisses de retraites et d\u00e9nonce le risque d\u2019une n\u00e9gociation qui phagocyte les augmentations de salaire lors des prochaines NAO.<\/p>\n","protected":false},"excerpt":{"rendered":"<p>3, rue Franklin&nbsp;\u2013&nbsp;A l\u2019AFPA, la direction propose de n\u00e9gocier le Plan d\u2019Epargne Retraite Collectif (PERCOL) pendant que des millions de salari\u00e9s manifestent pour la d\u00e9fense d\u2019une retraite par r\u00e9partition, \u00e0 l\u2019abri des al\u00e9as \u00e9conomiques et de la sp\u00e9culation. Face \u00e0 cette&nbsp;man\u0153uvre, la CGT rappelle que soumettre ce type de revenus \u00e0 cotisation rapporterait 3 milliards &hellip; <\/p>\n","protected":false},"author":1,"featured_media":0,"comment_status":"closed","ping_status":"open","sticky":false,"template":"","format":"standard","meta":{"footnotes":""},"categories":[2],"tags":[],"class_list":{"0":"entry","1":"post","2":"publish","3":"author-ulmontreuil","4":"post-7288","6":"format-standard","7":"category-je-tu-ul"},"_links":{"self":[{"href":"https:\/\/www.lacgtmontreuil.fr\/index.php?rest_route=\/wp\/v2\/posts\/7288","targetHints":{"allow":["GET"]}}],"collection":[{"href":"https:\/\/www.lacgtmontreuil.fr\/index.php?rest_route=\/wp\/v2\/posts"}],"about":[{"href":"https:\/\/www.lacgtmontreuil.fr\/index.php?rest_route=\/wp\/v2\/types\/post"}],"author":[{"embeddable":true,"href":"https:\/\/www.lacgtmontreuil.fr\/index.php?rest_route=\/wp\/v2\/users\/1"}],"replies":[{"embeddable":true,"href":"https:\/\/www.lacgtmontreuil.fr\/index.php?rest_route=%2Fwp%2Fv2%2Fcomments&post=7288"}],"version-history":[{"count":2,"href":"https:\/\/www.lacgtmontreuil.fr\/index.php?rest_route=\/wp\/v2\/posts\/7288\/revisions"}],"predecessor-version":[{"id":7907,"href":"https:\/\/www.lacgtmontreuil.fr\/index.php?rest_route=\/wp\/v2\/posts\/7288\/revisions\/7907"}],"wp:attachment":[{"href":"https:\/\/www.lacgtmontreuil.fr\/index.php?rest_route=%2Fwp%2Fv2%2Fmedia&parent=7288"}],"wp:term":[{"taxonomy":"category","embeddable":true,"href":"https:\/\/www.lacgtmontreuil.fr\/index.php?rest_route=%2Fwp%2Fv2%2Fcategories&post=7288"},{"taxonomy":"post_tag","embeddable":true,"href":"https:\/\/www.lacgtmontreuil.fr\/index.php?rest_route=%2Fwp%2Fv2%2Ftags&post=7288"}],"curies":[{"name":"wp","href":"https:\/\/api.w.org\/{rel}","templated":true}]}}