{"id":7282,"date":"2023-03-30T12:29:00","date_gmt":"2023-03-30T10:29:00","guid":{"rendered":"https:\/\/www.lacgtmontreuil.fr\/?p=7282"},"modified":"2023-09-11T12:13:30","modified_gmt":"2023-09-11T10:13:30","slug":"je-tu-ul-n436-si-lurssaf-metait-compte","status":"publish","type":"post","link":"https:\/\/www.lacgtmontreuil.fr\/?p=7282","title":{"rendered":"Je, Tu, UL n\u00b0436 &#8211; SI L\u2019URSSAF M\u2019\u00c9TAIT COMPT\u00c9"},"content":{"rendered":"\n<p>21-29, rue Jean-Jacques Rousseau&nbsp;\u2013&nbsp;A l\u2019<strong>URSSAF<\/strong>, ce sont les conditions de travail qui s\u2019ajoutent \u00e0 la col\u00e8re contre la r\u00e9forme des retraites. Apr\u00e8s la gr\u00e8ve des inspecteurs en d\u00e9but de mois, c\u2019est au tour du service des comptes \u00e0 la direction de Seine-Saint-Denis de se mobiliser contre l\u2019augmentation de la charge de travail pour un effectif r\u00e9duit. Des actions bien s\u00fbr relay\u00e9es par la CGT au Conseil d\u2019Administration du 21 mars, avec l\u2019appel \u00e0 la gr\u00e8ve pour le 23 : journ\u00e9e qui comptera un nombre record de gr\u00e9vistes depuis le d\u00e9but du mouvement.<\/p>\n","protected":false},"excerpt":{"rendered":"<p>21-29, rue Jean-Jacques Rousseau&nbsp;\u2013&nbsp;A l\u2019URSSAF, ce sont les conditions de travail qui s\u2019ajoutent \u00e0 la col\u00e8re contre la r\u00e9forme des retraites. Apr\u00e8s la gr\u00e8ve des inspecteurs en d\u00e9but de mois, c\u2019est au tour du service des comptes \u00e0 la direction de Seine-Saint-Denis de se mobiliser contre l\u2019augmentation de la charge de travail pour un effectif &hellip; <\/p>\n","protected":false},"author":1,"featured_media":0,"comment_status":"closed","ping_status":"open","sticky":false,"template":"","format":"standard","meta":{"footnotes":""},"categories":[2],"tags":[],"class_list":{"0":"entry","1":"post","2":"publish","3":"author-ulmontreuil","4":"post-7282","6":"format-standard","7":"category-je-tu-ul"},"_links":{"self":[{"href":"https:\/\/www.lacgtmontreuil.fr\/index.php?rest_route=\/wp\/v2\/posts\/7282","targetHints":{"allow":["GET"]}}],"collection":[{"href":"https:\/\/www.lacgtmontreuil.fr\/index.php?rest_route=\/wp\/v2\/posts"}],"about":[{"href":"https:\/\/www.lacgtmontreuil.fr\/index.php?rest_route=\/wp\/v2\/types\/post"}],"author":[{"embeddable":true,"href":"https:\/\/www.lacgtmontreuil.fr\/index.php?rest_route=\/wp\/v2\/users\/1"}],"replies":[{"embeddable":true,"href":"https:\/\/www.lacgtmontreuil.fr\/index.php?rest_route=%2Fwp%2Fv2%2Fcomments&post=7282"}],"version-history":[{"count":2,"href":"https:\/\/www.lacgtmontreuil.fr\/index.php?rest_route=\/wp\/v2\/posts\/7282\/revisions"}],"predecessor-version":[{"id":7904,"href":"https:\/\/www.lacgtmontreuil.fr\/index.php?rest_route=\/wp\/v2\/posts\/7282\/revisions\/7904"}],"wp:attachment":[{"href":"https:\/\/www.lacgtmontreuil.fr\/index.php?rest_route=%2Fwp%2Fv2%2Fmedia&parent=7282"}],"wp:term":[{"taxonomy":"category","embeddable":true,"href":"https:\/\/www.lacgtmontreuil.fr\/index.php?rest_route=%2Fwp%2Fv2%2Fcategories&post=7282"},{"taxonomy":"post_tag","embeddable":true,"href":"https:\/\/www.lacgtmontreuil.fr\/index.php?rest_route=%2Fwp%2Fv2%2Ftags&post=7282"}],"curies":[{"name":"wp","href":"https:\/\/api.w.org\/{rel}","templated":true}]}}