{"id":728,"date":"2018-02-14T16:42:14","date_gmt":"2018-02-14T15:42:14","guid":{"rendered":"http:\/\/www.lacgtmontreuil.fr\/?p=728"},"modified":"2018-02-14T17:10:36","modified_gmt":"2018-02-14T16:10:36","slug":"728","status":"publish","type":"post","link":"https:\/\/www.lacgtmontreuil.fr\/?p=728","title":{"rendered":"Je, Tu, UL\u2026  Mi Ao\u00fbt 2012  N\u00b0 105"},"content":{"rendered":"<p><strong> Les br\u00e8ves de l\u2019UL CGT de Montreuil, 24, rue de Paris<\/strong><\/p>\n<p><img loading=\"lazy\" decoding=\"async\" width=\"109\" height=\"155\" class=\"wp-image-729\" src=\"https:\/\/www.lacgtmontreuil.fr\/wp-content\/uploads\/2018\/02\/logo_cgt-65.jpeg\" alt=\"logo_cgt\" \/>\u00a0\u00a0 <strong>Je, Tu, UL\u2026\u00a0 Mi Ao\u00fbt 2012\u00a0 N\u00b0 105<\/strong><\/p>\n<p><em>\u00ab\u00a0Rigueur ou aust\u00e9rit\u00e9\u00a0: c\u2019est la r\u00e9cession assur\u00e9e\u00a0\u00bb<\/em><\/p>\n<p><strong>L\u2019URSSAF A-T-ELLE PEUR DE SON ONGLE\u00a0? :<\/strong> 22, rue de Lagny \u2013 Demi-journ\u00e9e de gr\u00e8ve mardi 7 ao\u00fbt \u00e0 l\u2019URSSAF et une centaine de salari\u00e9-e-s devant le si\u00e8ge de l\u2019organisme. En cause, la proc\u00e9dure de licenciement engag\u00e9e par la Direction contre une salari\u00e9e accus\u00e9e de \u00ab\u00a0<em>recourir \u00e0 une prestation de manucure<\/em>\u00a0\u00bb au sein de l\u2019entreprise. En r\u00e9alit\u00e9, elle avait demand\u00e9 \u00e0 une amie de l\u2019aider \u00e0 d\u00e9corer ses ongles apr\u00e8s son heure de table \u2026 d\u2019o\u00f9 la solidarit\u00e9 des coll\u00e8gues.<\/p>\n<p><strong>LES TRAVAUX OU LE TRAVAIL\u00a0:<\/strong> 105, bd Chanzy \u2013 les nouveaux locaux d\u2019INTERLOGEMENT 93 \u00e9taient encore en travaux lorsque le personnel administratif et les travailleurs sociaux auraient d\u00fb, ce mois d\u2019ao\u00fbt, s\u2019y installer. Bruit des coups de burin, poussi\u00e8res, fils \u00e9lectriques en suspens, machines contendantes au milieu des pi\u00e8ces\u00a0: le CHS-CT a donc alert\u00e9 sur l\u2019imminence du danger et obtenu \u2026 en moins d\u2019une heure, l\u2019interruption de cette installation dans des locaux insalubres. Quant \u00e0 l\u2019argument de la direction d\u00e9non\u00e7ant la CGT comme voulant emp\u00eacher le personnel de travailler, il a \u00e9t\u00e9 mis au compte des plaisanteries estivales.<\/p>\n<p><strong>LE CONSEILLER NOUVEAU EST ARRIVE :<\/strong> 24, rue de Paris \u2013 par Arr\u00eat\u00e9 du 22\/07\/2012, le Pr\u00e9fet de Seine Saint Denis vient de d\u00e9signer pour 3 ans les nouveaux conseillers du salari\u00e9 qui pourront assister, sur Montreuil, les salari\u00e9s sans d\u00e9l\u00e9gu\u00e9s dans leur entreprise. Outre nos \u00ab\u00a0anciens\u00a0\u00bb, l\u2019UL-CGT se renforce ainsi de 7 petits nouveaux\u00a0: Fatiha HAMMID (LIDL), Am\u00e9lie HUREAU (GIMC), Lionel HARTMANN (LP ART), Ben KENOUDA (UPS), Emilie LIBAR (retrait\u00e9e), R\u00e9douane NABZRY (ACTOM), Mohamed OUALIF (COS) et Evelyne PIETIN (APAJH). Une \u00e9quipe de choc\u00a0!<\/p>\n<p><strong>TEPA MECONTENT\u00a0? :<\/strong> 283-287 rue de Rosny\u00a0\u2013 chez STRICHER, la suppression de la loi TEPA sur les heures suppl\u00e9mentaires entra\u00eenera selon la direction une baisse des salaires nets de 50 \u00e0 60 euros par mois. Face \u00e0 cette annonce, la CGT a aussit\u00f4t r\u00e9clam\u00e9 la r\u00e9ouverture des NAO (n\u00e9gociations annuelles obligatoires), proposant, au choix, la prise en compte int\u00e9grale des cotisations par l\u2019employeur, l\u2019augmentation des salaires de base ou un diff\u00e9rentiel vers\u00e9 en prime\u00a0: du coup, le directeur fait moins le malin \u2026<\/p>\n<p><strong>GESTION ALZHEIMER :<\/strong> 113 avenue du Pr\u00e9sident Wilson, La Maison des Vergers,\u00a0qui pr\u00e9tend \u00ab\u00a0Intervenir pour Soutenir l\u2019Autonomie en Terme d\u2019Immobilier et de Services\u00a0\u00bb (ISATIS), a d\u00e9cid\u00e9 pour la rentr\u00e9e de faire travailler de jour l\u2019\u00e9quipe de nuit et de nuit l\u2019\u00e9quipe de jour. Un diktat que n\u2019acceptent ni l\u2019une ni l\u2019autre\u00a0: elles sont 4 salari\u00e9es qui viennent de d\u00e9cider d\u2019adh\u00e9rer \u00e0 la CGT.<\/p>\n","protected":false},"excerpt":{"rendered":"<p>Les br\u00e8ves de l\u2019UL CGT de Montreuil, 24, rue de Paris \u00a0\u00a0 Je, Tu, UL\u2026\u00a0 Mi Ao\u00fbt 2012\u00a0 N\u00b0 105 \u00ab\u00a0Rigueur ou aust\u00e9rit\u00e9\u00a0: c\u2019est la r\u00e9cession assur\u00e9e\u00a0\u00bb L\u2019URSSAF A-T-ELLE PEUR DE SON ONGLE\u00a0? : 22, rue de Lagny \u2013 Demi-journ\u00e9e de gr\u00e8ve mardi 7 ao\u00fbt \u00e0 l\u2019URSSAF et une centaine de salari\u00e9-e-s devant le si\u00e8ge &hellip; <\/p>\n","protected":false},"author":1,"featured_media":0,"comment_status":"closed","ping_status":"open","sticky":false,"template":"","format":"standard","meta":{"footnotes":""},"categories":[2],"tags":[],"class_list":{"0":"entry","1":"post","2":"publish","3":"author-ulmontreuil","4":"post-728","6":"format-standard","7":"category-je-tu-ul"},"_links":{"self":[{"href":"https:\/\/www.lacgtmontreuil.fr\/index.php?rest_route=\/wp\/v2\/posts\/728","targetHints":{"allow":["GET"]}}],"collection":[{"href":"https:\/\/www.lacgtmontreuil.fr\/index.php?rest_route=\/wp\/v2\/posts"}],"about":[{"href":"https:\/\/www.lacgtmontreuil.fr\/index.php?rest_route=\/wp\/v2\/types\/post"}],"author":[{"embeddable":true,"href":"https:\/\/www.lacgtmontreuil.fr\/index.php?rest_route=\/wp\/v2\/users\/1"}],"replies":[{"embeddable":true,"href":"https:\/\/www.lacgtmontreuil.fr\/index.php?rest_route=%2Fwp%2Fv2%2Fcomments&post=728"}],"version-history":[{"count":3,"href":"https:\/\/www.lacgtmontreuil.fr\/index.php?rest_route=\/wp\/v2\/posts\/728\/revisions"}],"predecessor-version":[{"id":732,"href":"https:\/\/www.lacgtmontreuil.fr\/index.php?rest_route=\/wp\/v2\/posts\/728\/revisions\/732"}],"wp:attachment":[{"href":"https:\/\/www.lacgtmontreuil.fr\/index.php?rest_route=%2Fwp%2Fv2%2Fmedia&parent=728"}],"wp:term":[{"taxonomy":"category","embeddable":true,"href":"https:\/\/www.lacgtmontreuil.fr\/index.php?rest_route=%2Fwp%2Fv2%2Fcategories&post=728"},{"taxonomy":"post_tag","embeddable":true,"href":"https:\/\/www.lacgtmontreuil.fr\/index.php?rest_route=%2Fwp%2Fv2%2Ftags&post=728"}],"curies":[{"name":"wp","href":"https:\/\/api.w.org\/{rel}","templated":true}]}}