{"id":7273,"date":"2023-03-30T12:27:00","date_gmt":"2023-03-30T10:27:00","guid":{"rendered":"https:\/\/www.lacgtmontreuil.fr\/?p=7273"},"modified":"2023-09-11T12:13:26","modified_gmt":"2023-09-11T10:13:26","slug":"je-tu-ul-n436-college-precoce","status":"publish","type":"post","link":"https:\/\/www.lacgtmontreuil.fr\/?p=7273","title":{"rendered":"Je, Tu, UL n\u00b0436 &#8211; COLL\u00c8GE PR\u00c9COCE"},"content":{"rendered":"\n<p>16, rue Raspail&nbsp;\u2013&nbsp;Au <strong>COLLEGE PAUL ELUARD<\/strong>, ce sont les coll\u00e9gien-ne-s qui ont r\u00e9agi les premiers \u00e0 l\u2019annonce de la suppression l\u2019an prochain d\u2019une classe de 5\u00e8me, en bloquant \u00e0 une centaine leur \u00e9tablissement le 21 mars. Un refus de d\u00e9passer les 24 \u00e9l\u00e8ves par classe qui a re\u00e7u le soutien imm\u00e9diat des enseignants CGT, comme des parents. R\u00e9unis le soir m\u00eame en AG, les professeurs ont vot\u00e9 la gr\u00e8ve reconductible.<\/p>\n","protected":false},"excerpt":{"rendered":"<p>16, rue Raspail&nbsp;\u2013&nbsp;Au COLLEGE PAUL ELUARD, ce sont les coll\u00e9gien-ne-s qui ont r\u00e9agi les premiers \u00e0 l\u2019annonce de la suppression l\u2019an prochain d\u2019une classe de 5\u00e8me, en bloquant \u00e0 une centaine leur \u00e9tablissement le 21 mars. Un refus de d\u00e9passer les 24 \u00e9l\u00e8ves par classe qui a re\u00e7u le soutien imm\u00e9diat des enseignants CGT, comme &hellip; <\/p>\n","protected":false},"author":1,"featured_media":0,"comment_status":"closed","ping_status":"open","sticky":false,"template":"","format":"standard","meta":{"footnotes":""},"categories":[2],"tags":[],"class_list":{"0":"entry","1":"post","2":"publish","3":"author-ulmontreuil","4":"post-7273","6":"format-standard","7":"category-je-tu-ul"},"_links":{"self":[{"href":"https:\/\/www.lacgtmontreuil.fr\/index.php?rest_route=\/wp\/v2\/posts\/7273","targetHints":{"allow":["GET"]}}],"collection":[{"href":"https:\/\/www.lacgtmontreuil.fr\/index.php?rest_route=\/wp\/v2\/posts"}],"about":[{"href":"https:\/\/www.lacgtmontreuil.fr\/index.php?rest_route=\/wp\/v2\/types\/post"}],"author":[{"embeddable":true,"href":"https:\/\/www.lacgtmontreuil.fr\/index.php?rest_route=\/wp\/v2\/users\/1"}],"replies":[{"embeddable":true,"href":"https:\/\/www.lacgtmontreuil.fr\/index.php?rest_route=%2Fwp%2Fv2%2Fcomments&post=7273"}],"version-history":[{"count":2,"href":"https:\/\/www.lacgtmontreuil.fr\/index.php?rest_route=\/wp\/v2\/posts\/7273\/revisions"}],"predecessor-version":[{"id":7901,"href":"https:\/\/www.lacgtmontreuil.fr\/index.php?rest_route=\/wp\/v2\/posts\/7273\/revisions\/7901"}],"wp:attachment":[{"href":"https:\/\/www.lacgtmontreuil.fr\/index.php?rest_route=%2Fwp%2Fv2%2Fmedia&parent=7273"}],"wp:term":[{"taxonomy":"category","embeddable":true,"href":"https:\/\/www.lacgtmontreuil.fr\/index.php?rest_route=%2Fwp%2Fv2%2Fcategories&post=7273"},{"taxonomy":"post_tag","embeddable":true,"href":"https:\/\/www.lacgtmontreuil.fr\/index.php?rest_route=%2Fwp%2Fv2%2Ftags&post=7273"}],"curies":[{"name":"wp","href":"https:\/\/api.w.org\/{rel}","templated":true}]}}