{"id":7204,"date":"2023-02-15T12:53:00","date_gmt":"2023-02-15T11:53:00","guid":{"rendered":"https:\/\/www.lacgtmontreuil.fr\/?p=7204"},"modified":"2023-09-11T12:12:56","modified_gmt":"2023-09-11T10:12:56","slug":"je-tu-ul-n434-et-pendant-ce-temps-la","status":"publish","type":"post","link":"https:\/\/www.lacgtmontreuil.fr\/?p=7204","title":{"rendered":"Je, Tu, UL n\u00b0434 &#8211; ET PENDANT CE TEMPS-L\u00c1&#8230;"},"content":{"rendered":"\n<p>41, rue de Valmy&nbsp;\u2013&nbsp;<strong>BNP PARIBAS<\/strong> annonce une nouvelle ann\u00e9e-record avec un b\u00e9n\u00e9fice net de 10,2 milliards d\u2019euros pour 2022 et une pr\u00e9vision de croissance de 9% jusqu\u2019en 2025. Des r\u00e9sultats dont les premiers exclus sont, pour la CGT, les salari\u00e9s de la banque, avec cette autre annonce : celle de la suppression de 921 emplois programm\u00e9e cette ann\u00e9e en France.<\/p>\n","protected":false},"excerpt":{"rendered":"<p>41, rue de Valmy&nbsp;\u2013&nbsp;BNP PARIBAS annonce une nouvelle ann\u00e9e-record avec un b\u00e9n\u00e9fice net de 10,2 milliards d\u2019euros pour 2022 et une pr\u00e9vision de croissance de 9% jusqu\u2019en 2025. Des r\u00e9sultats dont les premiers exclus sont, pour la CGT, les salari\u00e9s de la banque, avec cette autre annonce : celle de la suppression de 921 emplois &hellip; <\/p>\n","protected":false},"author":1,"featured_media":0,"comment_status":"closed","ping_status":"open","sticky":false,"template":"","format":"standard","meta":{"footnotes":""},"categories":[2],"tags":[],"class_list":{"0":"entry","1":"post","2":"publish","3":"author-ulmontreuil","4":"post-7204","6":"format-standard","7":"category-je-tu-ul"},"_links":{"self":[{"href":"https:\/\/www.lacgtmontreuil.fr\/index.php?rest_route=\/wp\/v2\/posts\/7204","targetHints":{"allow":["GET"]}}],"collection":[{"href":"https:\/\/www.lacgtmontreuil.fr\/index.php?rest_route=\/wp\/v2\/posts"}],"about":[{"href":"https:\/\/www.lacgtmontreuil.fr\/index.php?rest_route=\/wp\/v2\/types\/post"}],"author":[{"embeddable":true,"href":"https:\/\/www.lacgtmontreuil.fr\/index.php?rest_route=\/wp\/v2\/users\/1"}],"replies":[{"embeddable":true,"href":"https:\/\/www.lacgtmontreuil.fr\/index.php?rest_route=%2Fwp%2Fv2%2Fcomments&post=7204"}],"version-history":[{"count":2,"href":"https:\/\/www.lacgtmontreuil.fr\/index.php?rest_route=\/wp\/v2\/posts\/7204\/revisions"}],"predecessor-version":[{"id":7871,"href":"https:\/\/www.lacgtmontreuil.fr\/index.php?rest_route=\/wp\/v2\/posts\/7204\/revisions\/7871"}],"wp:attachment":[{"href":"https:\/\/www.lacgtmontreuil.fr\/index.php?rest_route=%2Fwp%2Fv2%2Fmedia&parent=7204"}],"wp:term":[{"taxonomy":"category","embeddable":true,"href":"https:\/\/www.lacgtmontreuil.fr\/index.php?rest_route=%2Fwp%2Fv2%2Fcategories&post=7204"},{"taxonomy":"post_tag","embeddable":true,"href":"https:\/\/www.lacgtmontreuil.fr\/index.php?rest_route=%2Fwp%2Fv2%2Ftags&post=7204"}],"curies":[{"name":"wp","href":"https:\/\/api.w.org\/{rel}","templated":true}]}}