{"id":7192,"date":"2023-02-01T12:50:00","date_gmt":"2023-02-01T11:50:00","guid":{"rendered":"https:\/\/www.lacgtmontreuil.fr\/?p=7192"},"modified":"2023-09-11T12:12:50","modified_gmt":"2023-09-11T10:12:50","slug":"je-tu-ul-n433-les-complices-changent-de-main","status":"publish","type":"post","link":"https:\/\/www.lacgtmontreuil.fr\/?p=7192","title":{"rendered":"Je, Tu, UL n\u00b0433 &#8211; LES COMPLICES CHANGENT DE MAIN"},"content":{"rendered":"\n<p>20, rue Rabelais&nbsp;\u2013&nbsp;<strong>LES COMPLICES<\/strong>, marque de jeans montreuilloise, avait \u00e9t\u00e9 plac\u00e9 en redressement judiciaire en septembre dernier, avec l\u2019irruption d\u2019un repreneur qui n\u2019\u00e9tait autre que l\u2019alter ego de l\u2019ancien patron. Une man\u0153uvre&nbsp;qu\u2019a su d\u00e9jouer notre camarade Zinedine BENNA, repr\u00e9sentant des salari\u00e9s aupr\u00e8s du Tribunal de commerce : ce dernier vient en effet d\u2019\u00e9carter l\u2019actionnaire historique, au profit d\u2019un groupe susceptible de maintenir l\u2019emploi et l\u2019activit\u00e9.<\/p>\n","protected":false},"excerpt":{"rendered":"<p>20, rue Rabelais&nbsp;\u2013&nbsp;LES COMPLICES, marque de jeans montreuilloise, avait \u00e9t\u00e9 plac\u00e9 en redressement judiciaire en septembre dernier, avec l\u2019irruption d\u2019un repreneur qui n\u2019\u00e9tait autre que l\u2019alter ego de l\u2019ancien patron. Une man\u0153uvre&nbsp;qu\u2019a su d\u00e9jouer notre camarade Zinedine BENNA, repr\u00e9sentant des salari\u00e9s aupr\u00e8s du Tribunal de commerce : ce dernier vient en effet d\u2019\u00e9carter l\u2019actionnaire historique, &hellip; <\/p>\n","protected":false},"author":1,"featured_media":0,"comment_status":"closed","ping_status":"open","sticky":false,"template":"","format":"standard","meta":{"footnotes":""},"categories":[2],"tags":[],"class_list":{"0":"entry","1":"post","2":"publish","3":"author-ulmontreuil","4":"post-7192","6":"format-standard","7":"category-je-tu-ul"},"_links":{"self":[{"href":"https:\/\/www.lacgtmontreuil.fr\/index.php?rest_route=\/wp\/v2\/posts\/7192","targetHints":{"allow":["GET"]}}],"collection":[{"href":"https:\/\/www.lacgtmontreuil.fr\/index.php?rest_route=\/wp\/v2\/posts"}],"about":[{"href":"https:\/\/www.lacgtmontreuil.fr\/index.php?rest_route=\/wp\/v2\/types\/post"}],"author":[{"embeddable":true,"href":"https:\/\/www.lacgtmontreuil.fr\/index.php?rest_route=\/wp\/v2\/users\/1"}],"replies":[{"embeddable":true,"href":"https:\/\/www.lacgtmontreuil.fr\/index.php?rest_route=%2Fwp%2Fv2%2Fcomments&post=7192"}],"version-history":[{"count":2,"href":"https:\/\/www.lacgtmontreuil.fr\/index.php?rest_route=\/wp\/v2\/posts\/7192\/revisions"}],"predecessor-version":[{"id":7865,"href":"https:\/\/www.lacgtmontreuil.fr\/index.php?rest_route=\/wp\/v2\/posts\/7192\/revisions\/7865"}],"wp:attachment":[{"href":"https:\/\/www.lacgtmontreuil.fr\/index.php?rest_route=%2Fwp%2Fv2%2Fmedia&parent=7192"}],"wp:term":[{"taxonomy":"category","embeddable":true,"href":"https:\/\/www.lacgtmontreuil.fr\/index.php?rest_route=%2Fwp%2Fv2%2Fcategories&post=7192"},{"taxonomy":"post_tag","embeddable":true,"href":"https:\/\/www.lacgtmontreuil.fr\/index.php?rest_route=%2Fwp%2Fv2%2Ftags&post=7192"}],"curies":[{"name":"wp","href":"https:\/\/api.w.org\/{rel}","templated":true}]}}