{"id":7180,"date":"2023-02-01T12:49:00","date_gmt":"2023-02-01T11:49:00","guid":{"rendered":"https:\/\/www.lacgtmontreuil.fr\/?p=7180"},"modified":"2023-09-11T12:12:42","modified_gmt":"2023-09-11T10:12:42","slug":"je-tu-ul-n433-controle-grippe","status":"publish","type":"post","link":"https:\/\/www.lacgtmontreuil.fr\/?p=7180","title":{"rendered":"Je, Tu, UL n\u00b0433 &#8211; CONTR\u00d4LE GRIPP\u00c8"},"content":{"rendered":"\n<p>22-24, rue de Lagny&nbsp;\u2013&nbsp;A l\u2019<strong>URSSAF<\/strong>, ce sont les inspectrices et inspecteurs qui \u00e0 50% se sont mis en gr\u00e8ve le 2 f\u00e9vrier contre des formations destin\u00e9es \u00e0 augmenter leur charge de travail. Le syndicat UGICT-CGT qui les accompagne d\u00e9nonce l\u2019ajout de t\u00e2ches suppl\u00e9mentaires et l\u2019absence de moyens pour cette cat\u00e9gorie d\u00e9j\u00e0 surexpos\u00e9e aux risques psycho-sociaux.<\/p>\n","protected":false},"excerpt":{"rendered":"<p>22-24, rue de Lagny&nbsp;\u2013&nbsp;A l\u2019URSSAF, ce sont les inspectrices et inspecteurs qui \u00e0 50% se sont mis en gr\u00e8ve le 2 f\u00e9vrier contre des formations destin\u00e9es \u00e0 augmenter leur charge de travail. Le syndicat UGICT-CGT qui les accompagne d\u00e9nonce l\u2019ajout de t\u00e2ches suppl\u00e9mentaires et l\u2019absence de moyens pour cette cat\u00e9gorie d\u00e9j\u00e0 surexpos\u00e9e aux risques psycho-sociaux.<\/p>\n","protected":false},"author":1,"featured_media":0,"comment_status":"closed","ping_status":"open","sticky":false,"template":"","format":"standard","meta":{"footnotes":""},"categories":[2],"tags":[],"class_list":{"0":"entry","1":"post","2":"publish","3":"author-ulmontreuil","4":"post-7180","6":"format-standard","7":"category-je-tu-ul"},"_links":{"self":[{"href":"https:\/\/www.lacgtmontreuil.fr\/index.php?rest_route=\/wp\/v2\/posts\/7180","targetHints":{"allow":["GET"]}}],"collection":[{"href":"https:\/\/www.lacgtmontreuil.fr\/index.php?rest_route=\/wp\/v2\/posts"}],"about":[{"href":"https:\/\/www.lacgtmontreuil.fr\/index.php?rest_route=\/wp\/v2\/types\/post"}],"author":[{"embeddable":true,"href":"https:\/\/www.lacgtmontreuil.fr\/index.php?rest_route=\/wp\/v2\/users\/1"}],"replies":[{"embeddable":true,"href":"https:\/\/www.lacgtmontreuil.fr\/index.php?rest_route=%2Fwp%2Fv2%2Fcomments&post=7180"}],"version-history":[{"count":2,"href":"https:\/\/www.lacgtmontreuil.fr\/index.php?rest_route=\/wp\/v2\/posts\/7180\/revisions"}],"predecessor-version":[{"id":7859,"href":"https:\/\/www.lacgtmontreuil.fr\/index.php?rest_route=\/wp\/v2\/posts\/7180\/revisions\/7859"}],"wp:attachment":[{"href":"https:\/\/www.lacgtmontreuil.fr\/index.php?rest_route=%2Fwp%2Fv2%2Fmedia&parent=7180"}],"wp:term":[{"taxonomy":"category","embeddable":true,"href":"https:\/\/www.lacgtmontreuil.fr\/index.php?rest_route=%2Fwp%2Fv2%2Fcategories&post=7180"},{"taxonomy":"post_tag","embeddable":true,"href":"https:\/\/www.lacgtmontreuil.fr\/index.php?rest_route=%2Fwp%2Fv2%2Ftags&post=7180"}],"curies":[{"name":"wp","href":"https:\/\/api.w.org\/{rel}","templated":true}]}}