{"id":718,"date":"2018-02-14T16:40:28","date_gmt":"2018-02-14T15:40:28","guid":{"rendered":"http:\/\/www.lacgtmontreuil.fr\/?p=718"},"modified":"2018-02-14T16:40:28","modified_gmt":"2018-02-14T15:40:28","slug":"je-tu-ul-mi-juillet-2012-n-104","status":"publish","type":"post","link":"https:\/\/www.lacgtmontreuil.fr\/?p=718","title":{"rendered":"Je, Tu, UL\u2026  Mi Juillet 2012  N\u00b0 104"},"content":{"rendered":"<p><strong> Les br\u00e8ves de l\u2019UL CGT de Montreuil, 24, rue de Paris<\/strong><\/p>\n<p><img loading=\"lazy\" decoding=\"async\" width=\"109\" height=\"155\" class=\"wp-image-719\" src=\"https:\/\/www.lacgtmontreuil.fr\/wp-content\/uploads\/2018\/02\/logo_cgt-64.jpeg\" alt=\"logo_cgt\" \/>\u00a0\u00a0 <strong>Je, Tu, UL\u2026\u00a0 Mi Juillet 2012\u00a0 N\u00b0 104<\/strong><\/p>\n<p><em>\u00ab\u00a0Fermeture de l\u2019usine d\u2019Aulnay\u00a0: vous n\u2019imaginez pas tout ce que Citro\u00ebn peut faire pour vous\u00a0\u00bb<\/em><\/p>\n<p><strong>L\u2019AFPA PASSERA L\u2019AUTOMNE :<\/strong> 13, place du G\u00e9n\u00e9ral de Gaulle \u2013 L\u2019AFPA \u00e9vitera la faillite\u2026 jusqu\u2019\u00e0 la fin de l\u2019ann\u00e9e. Objet d\u2019une s\u00e9ance suppl\u00e9mentaire le 10 juillet, apr\u00e8s le sommet social, le financement de l\u2019AFPA trouve enfin une r\u00e9ponse provisoire suite \u00e0 l\u2019insistance de la CGT\u00a0: l\u2019AGEFIPH et P\u00f4le-Emploi seront ainsi de nouveau impliqu\u00e9s. Mais les r\u00e8gles impos\u00e9es \u00e0 l\u2019AFPA sous Sarkozy demeurent et la vigilance des personnels reste n\u00e9cessaire. Le 10 juillet, ce sont 80 salari\u00e9s du si\u00e8ge qui ont ainsi pique-niqu\u00e9 dans la cour de La Noue pour exiger une solution durable.<\/p>\n<p><strong>\u00c9CHEC \u00c1 L\u2019ACHARNEMENT\u00a0:<\/strong> 19, rue des Bons Plants \u2013 A l\u2019APAJH, c\u2019est devenu une coutume de r\u00e9clamer tous les 2 ans le licenciement de notre camarade Daouia AZIB, d\u00e9l\u00e9gu\u00e9e syndicale CGT du Foyer. Le 6 juillet 2010, l\u2019inspection du travail avait d\u00e9livr\u00e9 un premier refus\u00a0; ce 9 juillet 2012, un deuxi\u00e8me refus vient d\u2019\u00eatre notifi\u00e9 \u00e0 la direction, qui voulait cette fois licencier Daouia pour \u00ab\u00a0insuffisance professionnelle\u00a0\u00bb. Un anniversaire \u00e0 f\u00eater\u00a0?<\/p>\n<p><strong>LE TH\u00c9 NUIT \u00c1 LA SANT\u00c9 :<\/strong> 11, rue des Grandes Cultures \u2013 Le personnel de LA ROUTE DES COMPTOIRS, d\u00e9nu\u00e9 d\u2019\u00e9quipement de protection, s\u2019asphyxie au milieu des poussi\u00e8res de th\u00e9 que l\u2019entreprise aromatise et conditionne. A bout, les salari\u00e9s ont commenc\u00e9 \u00e0 se syndiquer et viennent d\u2019obtenir\u2026 leur visite m\u00e9dicale d\u2019embauche (avec quelques ann\u00e9es de retard) et 3 extincteurs. Reste la nocivit\u00e9 des produits aromatisants et les droits collectifs inexistants dans cette TPE de 8 salari\u00e9s. La route est encore longue\u2026<\/p>\n<p><strong>CESSION SP\u00c9CIALE\u00a0:<\/strong> 93, boulevard Paul Vaillant-Couturier \u2013 La SNDB, entreprise de b\u00e2timent, conna\u00eetra cet \u00e9t\u00e9 un plan de cession de l\u2019ancien patron vers son adjoint, sous la houlette du Tribunal de Commerce. Comme souvent dans de tels cas, l\u2019employeur y a vu l\u2019occasion de \u00ab\u00a0d\u00e9graisser\u00a0\u00bb \u00e0 peu de frais et s\u2019est employ\u00e9 \u00e0 faire signer aux salari\u00e9s des engagements aux termes desquels ils se d\u00e9clarent \u00ab\u00a0volontaires au licenciement\u00a0\u00bb\u2026 M\u00eame ceux qui ne savaient pas lire ont trouv\u00e9 la ficelle un peu grosse\u00a0! Le refus s\u2019organise.<\/p>\n<p><strong>LE PSE DE PSA PASSERA-T-IL PAR MONTREUIL\u00a0?\u00a0:<\/strong> La fermeture annonc\u00e9e de l\u2019usine PSA d\u2019Aulnay ne serait pas sans cons\u00e9quence sur les entreprises m\u00e9tallurgiques de Montreuil. 3 d\u2019entre elles sont directement concern\u00e9es par l\u2019\u00e9ventuelle disparition d\u2019un client essentiel \u00e0 leur activit\u00e9\u00a0: ABEILLON, rue Rochebrune\u00a0; ANELLI, rue Ernest Savart et SUPRAC, boulevard Jeanne d\u2019Arc. Feront-elles partie du plan de redressement industriel\u00a0?<\/p>\n","protected":false},"excerpt":{"rendered":"<p>Les br\u00e8ves de l\u2019UL CGT de Montreuil, 24, rue de Paris \u00a0\u00a0 Je, Tu, UL\u2026\u00a0 Mi Juillet 2012\u00a0 N\u00b0 104 \u00ab\u00a0Fermeture de l\u2019usine d\u2019Aulnay\u00a0: vous n\u2019imaginez pas tout ce que Citro\u00ebn peut faire pour vous\u00a0\u00bb L\u2019AFPA PASSERA L\u2019AUTOMNE : 13, place du G\u00e9n\u00e9ral de Gaulle \u2013 L\u2019AFPA \u00e9vitera la faillite\u2026 jusqu\u2019\u00e0 la fin de l\u2019ann\u00e9e. &hellip; <\/p>\n","protected":false},"author":1,"featured_media":0,"comment_status":"closed","ping_status":"open","sticky":false,"template":"","format":"standard","meta":{"footnotes":""},"categories":[2],"tags":[],"class_list":{"0":"entry","1":"post","2":"publish","3":"author-ulmontreuil","4":"post-718","6":"format-standard","7":"category-je-tu-ul"},"_links":{"self":[{"href":"https:\/\/www.lacgtmontreuil.fr\/index.php?rest_route=\/wp\/v2\/posts\/718","targetHints":{"allow":["GET"]}}],"collection":[{"href":"https:\/\/www.lacgtmontreuil.fr\/index.php?rest_route=\/wp\/v2\/posts"}],"about":[{"href":"https:\/\/www.lacgtmontreuil.fr\/index.php?rest_route=\/wp\/v2\/types\/post"}],"author":[{"embeddable":true,"href":"https:\/\/www.lacgtmontreuil.fr\/index.php?rest_route=\/wp\/v2\/users\/1"}],"replies":[{"embeddable":true,"href":"https:\/\/www.lacgtmontreuil.fr\/index.php?rest_route=%2Fwp%2Fv2%2Fcomments&post=718"}],"version-history":[{"count":1,"href":"https:\/\/www.lacgtmontreuil.fr\/index.php?rest_route=\/wp\/v2\/posts\/718\/revisions"}],"predecessor-version":[{"id":727,"href":"https:\/\/www.lacgtmontreuil.fr\/index.php?rest_route=\/wp\/v2\/posts\/718\/revisions\/727"}],"wp:attachment":[{"href":"https:\/\/www.lacgtmontreuil.fr\/index.php?rest_route=%2Fwp%2Fv2%2Fmedia&parent=718"}],"wp:term":[{"taxonomy":"category","embeddable":true,"href":"https:\/\/www.lacgtmontreuil.fr\/index.php?rest_route=%2Fwp%2Fv2%2Fcategories&post=718"},{"taxonomy":"post_tag","embeddable":true,"href":"https:\/\/www.lacgtmontreuil.fr\/index.php?rest_route=%2Fwp%2Fv2%2Ftags&post=718"}],"curies":[{"name":"wp","href":"https:\/\/api.w.org\/{rel}","templated":true}]}}