{"id":7174,"date":"2023-02-01T12:47:00","date_gmt":"2023-02-01T11:47:00","guid":{"rendered":"https:\/\/www.lacgtmontreuil.fr\/?p=7174"},"modified":"2023-09-11T12:12:36","modified_gmt":"2023-09-11T10:12:36","slug":"je-tu-ul-n433-hema-chine-arriere","status":"publish","type":"post","link":"https:\/\/www.lacgtmontreuil.fr\/?p=7174","title":{"rendered":"Je, Tu, UL n\u00b0433 &#8211; HEMA&#8230;CHINE ARRI\u00c8RE"},"content":{"rendered":"\n<p>15, rue des Lumi\u00e8res&nbsp;\u2013&nbsp;L\u2019enseigne n\u00e9erlandaise HEMA FRANCE avait, le 6 d\u00e9cembre dernier, mis \u00e0 pied \u00e0 titre conservatoire 3 des 6 vendeuses du magasin. Depuis cette date, plus un centime pour Crescence, Siwar et Roza, et en janvier, 3 lettres de licenciement pour une pr\u00e9tendue faute grave d\u2019une danse enregistr\u00e9e sur Tik Tok. Il aura fallu 4 manifestations et 2 entretiens avec le DRH pour que ce vendredi 3 f\u00e9vrier HEMA fasse machine arri\u00e8re et indemnise correctement les 3 salari\u00e9es. Un beau succ\u00e8s.<\/p>\n","protected":false},"excerpt":{"rendered":"<p>15, rue des Lumi\u00e8res&nbsp;\u2013&nbsp;L\u2019enseigne n\u00e9erlandaise HEMA FRANCE avait, le 6 d\u00e9cembre dernier, mis \u00e0 pied \u00e0 titre conservatoire 3 des 6 vendeuses du magasin. Depuis cette date, plus un centime pour Crescence, Siwar et Roza, et en janvier, 3 lettres de licenciement pour une pr\u00e9tendue faute grave d\u2019une danse enregistr\u00e9e sur Tik Tok. Il aura &hellip; <\/p>\n","protected":false},"author":1,"featured_media":0,"comment_status":"closed","ping_status":"open","sticky":false,"template":"","format":"standard","meta":{"footnotes":""},"categories":[2],"tags":[],"class_list":{"0":"entry","1":"post","2":"publish","3":"author-ulmontreuil","4":"post-7174","6":"format-standard","7":"category-je-tu-ul"},"_links":{"self":[{"href":"https:\/\/www.lacgtmontreuil.fr\/index.php?rest_route=\/wp\/v2\/posts\/7174","targetHints":{"allow":["GET"]}}],"collection":[{"href":"https:\/\/www.lacgtmontreuil.fr\/index.php?rest_route=\/wp\/v2\/posts"}],"about":[{"href":"https:\/\/www.lacgtmontreuil.fr\/index.php?rest_route=\/wp\/v2\/types\/post"}],"author":[{"embeddable":true,"href":"https:\/\/www.lacgtmontreuil.fr\/index.php?rest_route=\/wp\/v2\/users\/1"}],"replies":[{"embeddable":true,"href":"https:\/\/www.lacgtmontreuil.fr\/index.php?rest_route=%2Fwp%2Fv2%2Fcomments&post=7174"}],"version-history":[{"count":2,"href":"https:\/\/www.lacgtmontreuil.fr\/index.php?rest_route=\/wp\/v2\/posts\/7174\/revisions"}],"predecessor-version":[{"id":7856,"href":"https:\/\/www.lacgtmontreuil.fr\/index.php?rest_route=\/wp\/v2\/posts\/7174\/revisions\/7856"}],"wp:attachment":[{"href":"https:\/\/www.lacgtmontreuil.fr\/index.php?rest_route=%2Fwp%2Fv2%2Fmedia&parent=7174"}],"wp:term":[{"taxonomy":"category","embeddable":true,"href":"https:\/\/www.lacgtmontreuil.fr\/index.php?rest_route=%2Fwp%2Fv2%2Fcategories&post=7174"},{"taxonomy":"post_tag","embeddable":true,"href":"https:\/\/www.lacgtmontreuil.fr\/index.php?rest_route=%2Fwp%2Fv2%2Ftags&post=7174"}],"curies":[{"name":"wp","href":"https:\/\/api.w.org\/{rel}","templated":true}]}}