{"id":7168,"date":"2023-02-01T12:47:00","date_gmt":"2023-02-01T11:47:00","guid":{"rendered":"https:\/\/www.lacgtmontreuil.fr\/?p=7168"},"modified":"2023-09-11T12:11:26","modified_gmt":"2023-09-11T10:11:26","slug":"je-tu-ul-n433-toujours-plus","status":"publish","type":"post","link":"https:\/\/www.lacgtmontreuil.fr\/?p=7168","title":{"rendered":"Je, Tu, UL n\u00b0433 &#8211; TOUJOURS PLUS"},"content":{"rendered":"\n<p>place Jean Jaur\u00e8s&nbsp;\u2013&nbsp;C\u2019est devant la Mairie de Montreuil que le d\u00e9part pour la manif du 31 janvier contre la r\u00e9forme des retraites a, cette fois, \u00e9t\u00e9 donn\u00e9. Les prises de paroles des 3 principaux syndicats CGT, CFDT et FSU, suivies de celle du maire Patrice BESSAC ont ainsi permis un temps d\u2019\u00e9change avec les quelques 600 salari\u00e9s, jeunes et retrait\u00e9s, r\u00e9unis sur la place. Le recueil du nombre de gr\u00e9vistes \u00e9tait en hausse par rapport au 19 janvier, avec 64&nbsp;\u2013&nbsp;comme l\u2019\u00e2ge qu\u2019on voudrait nous imposer&nbsp;\u2013&nbsp;entreprises ou \u00e9tablissements montreuillois touch\u00e9s par la mobilisation, particuli\u00e8rement dans le priv\u00e9.<\/p>\n","protected":false},"excerpt":{"rendered":"<p>place Jean Jaur\u00e8s&nbsp;\u2013&nbsp;C\u2019est devant la Mairie de Montreuil que le d\u00e9part pour la manif du 31 janvier contre la r\u00e9forme des retraites a, cette fois, \u00e9t\u00e9 donn\u00e9. Les prises de paroles des 3 principaux syndicats CGT, CFDT et FSU, suivies de celle du maire Patrice BESSAC ont ainsi permis un temps d\u2019\u00e9change avec les quelques &hellip; <\/p>\n","protected":false},"author":1,"featured_media":0,"comment_status":"closed","ping_status":"open","sticky":false,"template":"","format":"standard","meta":{"footnotes":""},"categories":[2],"tags":[],"class_list":{"0":"entry","1":"post","2":"publish","3":"author-ulmontreuil","4":"post-7168","6":"format-standard","7":"category-je-tu-ul"},"_links":{"self":[{"href":"https:\/\/www.lacgtmontreuil.fr\/index.php?rest_route=\/wp\/v2\/posts\/7168","targetHints":{"allow":["GET"]}}],"collection":[{"href":"https:\/\/www.lacgtmontreuil.fr\/index.php?rest_route=\/wp\/v2\/posts"}],"about":[{"href":"https:\/\/www.lacgtmontreuil.fr\/index.php?rest_route=\/wp\/v2\/types\/post"}],"author":[{"embeddable":true,"href":"https:\/\/www.lacgtmontreuil.fr\/index.php?rest_route=\/wp\/v2\/users\/1"}],"replies":[{"embeddable":true,"href":"https:\/\/www.lacgtmontreuil.fr\/index.php?rest_route=%2Fwp%2Fv2%2Fcomments&post=7168"}],"version-history":[{"count":2,"href":"https:\/\/www.lacgtmontreuil.fr\/index.php?rest_route=\/wp\/v2\/posts\/7168\/revisions"}],"predecessor-version":[{"id":7853,"href":"https:\/\/www.lacgtmontreuil.fr\/index.php?rest_route=\/wp\/v2\/posts\/7168\/revisions\/7853"}],"wp:attachment":[{"href":"https:\/\/www.lacgtmontreuil.fr\/index.php?rest_route=%2Fwp%2Fv2%2Fmedia&parent=7168"}],"wp:term":[{"taxonomy":"category","embeddable":true,"href":"https:\/\/www.lacgtmontreuil.fr\/index.php?rest_route=%2Fwp%2Fv2%2Fcategories&post=7168"},{"taxonomy":"post_tag","embeddable":true,"href":"https:\/\/www.lacgtmontreuil.fr\/index.php?rest_route=%2Fwp%2Fv2%2Ftags&post=7168"}],"curies":[{"name":"wp","href":"https:\/\/api.w.org\/{rel}","templated":true}]}}