{"id":7162,"date":"2023-01-30T12:44:00","date_gmt":"2023-01-30T11:44:00","guid":{"rendered":"https:\/\/www.lacgtmontreuil.fr\/?p=7162"},"modified":"2023-09-11T12:11:23","modified_gmt":"2023-09-11T10:11:23","slug":"je-tu-ul-n432-triste-nouvelle","status":"publish","type":"post","link":"https:\/\/www.lacgtmontreuil.fr\/?p=7162","title":{"rendered":"Je, Tu, UL n\u00b0432 &#8211; TRISTE NOUVELLE"},"content":{"rendered":"\n<p>place Jean Jaur\u00e8s&nbsp;\u2013&nbsp;La MAIRIE comme la CGT ont perdu une figure des luttes \u00e0 Montreuil, avec le d\u00e9c\u00e8s de notre camarade<strong> Jean-Paul LEGALLOU<\/strong>. Membre de la Commission Ex\u00e9cutive de l\u2019UL-CGT et jeune retrait\u00e9 (depuis moins de deux ans), il nous manquera. Ses obs\u00e8ques auront lieu jeudi 26 janvier \u00e0 14h00 au cr\u00e9matorium de Montfermeil.<\/p>\n","protected":false},"excerpt":{"rendered":"<p>place Jean Jaur\u00e8s&nbsp;\u2013&nbsp;La MAIRIE comme la CGT ont perdu une figure des luttes \u00e0 Montreuil, avec le d\u00e9c\u00e8s de notre camarade Jean-Paul LEGALLOU. Membre de la Commission Ex\u00e9cutive de l\u2019UL-CGT et jeune retrait\u00e9 (depuis moins de deux ans), il nous manquera. Ses obs\u00e8ques auront lieu jeudi 26 janvier \u00e0 14h00 au cr\u00e9matorium de Montfermeil.<\/p>\n","protected":false},"author":1,"featured_media":0,"comment_status":"closed","ping_status":"open","sticky":false,"template":"","format":"standard","meta":{"footnotes":""},"categories":[2],"tags":[],"class_list":{"0":"entry","1":"post","2":"publish","3":"author-ulmontreuil","4":"post-7162","6":"format-standard","7":"category-je-tu-ul"},"_links":{"self":[{"href":"https:\/\/www.lacgtmontreuil.fr\/index.php?rest_route=\/wp\/v2\/posts\/7162","targetHints":{"allow":["GET"]}}],"collection":[{"href":"https:\/\/www.lacgtmontreuil.fr\/index.php?rest_route=\/wp\/v2\/posts"}],"about":[{"href":"https:\/\/www.lacgtmontreuil.fr\/index.php?rest_route=\/wp\/v2\/types\/post"}],"author":[{"embeddable":true,"href":"https:\/\/www.lacgtmontreuil.fr\/index.php?rest_route=\/wp\/v2\/users\/1"}],"replies":[{"embeddable":true,"href":"https:\/\/www.lacgtmontreuil.fr\/index.php?rest_route=%2Fwp%2Fv2%2Fcomments&post=7162"}],"version-history":[{"count":2,"href":"https:\/\/www.lacgtmontreuil.fr\/index.php?rest_route=\/wp\/v2\/posts\/7162\/revisions"}],"predecessor-version":[{"id":7850,"href":"https:\/\/www.lacgtmontreuil.fr\/index.php?rest_route=\/wp\/v2\/posts\/7162\/revisions\/7850"}],"wp:attachment":[{"href":"https:\/\/www.lacgtmontreuil.fr\/index.php?rest_route=%2Fwp%2Fv2%2Fmedia&parent=7162"}],"wp:term":[{"taxonomy":"category","embeddable":true,"href":"https:\/\/www.lacgtmontreuil.fr\/index.php?rest_route=%2Fwp%2Fv2%2Fcategories&post=7162"},{"taxonomy":"post_tag","embeddable":true,"href":"https:\/\/www.lacgtmontreuil.fr\/index.php?rest_route=%2Fwp%2Fv2%2Ftags&post=7162"}],"curies":[{"name":"wp","href":"https:\/\/api.w.org\/{rel}","templated":true}]}}